{"id":45102,"date":"2022-08-26T20:38:09","date_gmt":"2022-08-27T01:38:09","guid":{"rendered":"http:\/\/www.zonaroja.com.mx\/?p=45102"},"modified":"2022-08-26T20:38:11","modified_gmt":"2022-08-27T01:38:11","slug":"cierra-semana-con-mas-bloqueos-y-mas-organizaciones","status":"publish","type":"post","link":"https:\/\/zonaroja.com.mx\/?p=45102","title":{"rendered":"Cierra semana con m\u00e1s bloqueos\u2026 y m\u00e1s organizaciones"},"content":{"rendered":"\n<p>Yuridiana Sosa\/Zona Roja.<\/p>\n\n\n\n<p>Oaxaca de Ju\u00e1rez, Oax., a 26 de agosto de 2022.- Los problemas sociales por la falta de soluci\u00f3n a diversas demandas, acrecientan en Oaxaca al cierre del sexenio estatal actual, periodo en que se resalta la desatenci\u00f3n de la Secretar\u00eda General de Gobierno (Segego).<\/p>\n\n\n\n<p>Por segundo d\u00eda consecutivo, pero en lo que representa tambi\u00e9n una segunda jornada de movilizaci\u00f3n este mismo mes, habitantes del municipio de Zapotitl\u00e1n Palmas, en la regi\u00f3n Mixteca, bloquearon la carretera Huajuapan-Puebla.<\/p>\n\n\n\n<p>Demandan que la Secretar\u00eda de la Infraestructuras y Ordenamiento Territorial Sustentable (Sinfra) concluya obras de reconstrucci\u00f3n en la escuela Telesecundaria.<\/p>\n\n\n\n<p>Adem\u00e1s, se registr\u00f3 otro bloqueo en esa regi\u00f3n, sobre la carretera federal 125, en el tramo Yucudaa-Tlaxiaco en la desviaci\u00f3n a Santiago Nundiche, por habitantes de ese municipio.<\/p>\n\n\n\n<p>Para reforzar su manifestaci\u00f3n, una comisi\u00f3n realiz\u00f3 bloqueos en el Centro Hist\u00f3rico de la capital, donde denunciaron que desde hace tres a\u00f1os Caminos y Aeropistas de Oaxaca (CAO) no aplica el proyecto que se aprob\u00f3 por 36 millones de pesos.<\/p>\n\n\n\n<p>Las afectaciones viales se registraron en la avenida Independencia y calle de Garc\u00eda Vigil, en el centro de la ciudad de Oaxaca.<\/p>\n\n\n\n<p>En este sitio, se present\u00f3 un nuevo grupo de al menos cuatro organizaciones sociales, bajo las siglas del Alianza de Organizaciones Regionales de Oaxaca (AORO), alentada, entre otros, por miembros del Frente Popular Revolucionario.<\/p>\n\n\n\n<p>En Ciudad Administrativa, en Tlalixtac de Cabrera, continu\u00f3 el \u201cplant\u00f3n\u201d de la organizaci\u00f3n Antorcha Campesina, sin causar afectaciones en los accesos; exigen recursos, supuestamente para obra social.<\/p>\n\n\n\n<p>&nbsp;EN EL ISTMO<\/p>\n\n\n\n<p>La tensi\u00f3n en San Dionisio del Mar, en el Istmo, contin\u00faa. Las autoridades estatales no han informado sobre avances en la resoluci\u00f3n del caso, en el que los habitantes exigen la destituci\u00f3n de la edil, Sonia Luis Gallegos, y para ello instalaron bloqueos en su comunidad.<\/p>\n\n\n\n<p>El conflicto, por el incumpliendo de acuerdos para la distribuci\u00f3n de obras, ya tuvo un saldo de cinco personas lesionadas tras el enfrentamiento entre los manifestantes que se encontraban en Palacio Municipal y un grupo de choque el pasado 22 de agosto.<\/p>\n\n\n\n<p>En tanto, desde el martes instalaron un bloqueo en el acceso a la comunidad para exigir la renuncia de la presidenta municipal, lo hace crecer la tensi\u00f3n en el conflicto&nbsp;del que la autoridad estatal no informa.<\/p>\n","protected":false},"excerpt":{"rendered":"<p>Yuridiana Sosa\/Zona Roja. Oaxaca de Ju\u00e1rez, Oax., a 26 de agosto de 2022.- Los problemas&hellip;<\/p>\n","protected":false},"author":2,"featured_media":45103,"comment_status":"closed","ping_status":"open","sticky":false,"template":"","format":"standard","meta":{"_lmt_disableupdate":"","_lmt_disable":"","_jetpack_memberships_contains_paid_content":false,"footnotes":""},"categories":[109,47],"tags":[2264],"class_list":["post-45102","post","type-post","status-publish","format-standard","has-post-thumbnail","hentry","category-minuto-a-minuto","category-zona-gris","tag-bloqueos-y-protestas-oaxaca"],"jetpack_featured_media_url":"https:\/\/zonaroja.com.mx\/wp-content\/uploads\/2022\/08\/Bloqueo-carretera-Mixteca.jpg","jetpack_sharing_enabled":true,"_links":{"self":[{"href":"https:\/\/zonaroja.com.mx\/index.php?rest_route=\/wp\/v2\/posts\/45102","targetHints":{"allow":["GET"]}}],"collection":[{"href":"https:\/\/zonaroja.com.mx\/index.php?rest_route=\/wp\/v2\/posts"}],"about":[{"href":"https:\/\/zonaroja.com.mx\/index.php?rest_route=\/wp\/v2\/types\/post"}],"author":[{"embeddable":true,"href":"https:\/\/zonaroja.com.mx\/index.php?rest_route=\/wp\/v2\/users\/2"}],"replies":[{"embeddable":true,"href":"https:\/\/zonaroja.com.mx\/index.php?rest_route=%2Fwp%2Fv2%2Fcomments&post=45102"}],"version-history":[{"count":1,"href":"https:\/\/zonaroja.com.mx\/index.php?rest_route=\/wp\/v2\/posts\/45102\/revisions"}],"predecessor-version":[{"id":45104,"href":"https:\/\/zonaroja.com.mx\/index.php?rest_route=\/wp\/v2\/posts\/45102\/revisions\/45104"}],"wp:featuredmedia":[{"embeddable":true,"href":"https:\/\/zonaroja.com.mx\/index.php?rest_route=\/wp\/v2\/media\/45103"}],"wp:attachment":[{"href":"https:\/\/zonaroja.com.mx\/index.php?rest_route=%2Fwp%2Fv2%2Fmedia&parent=45102"}],"wp:term":[{"taxonomy":"category","embeddable":true,"href":"https:\/\/zonaroja.com.mx\/index.php?rest_route=%2Fwp%2Fv2%2Fcategories&post=45102"},{"taxonomy":"post_tag","embeddable":true,"href":"https:\/\/zonaroja.com.mx\/index.php?rest_route=%2Fwp%2Fv2%2Ftags&post=45102"}],"curies":[{"name":"wp","href":"https:\/\/api.w.org\/{rel}","templated":true}]}}