{"id":45112,"date":"2022-08-27T08:58:00","date_gmt":"2022-08-27T13:58:00","guid":{"rendered":"http:\/\/www.zonaroja.com.mx\/?p=45112"},"modified":"2022-08-27T07:06:23","modified_gmt":"2022-08-27T12:06:23","slug":"olvidados-por-gobiernos-ninos-luchan-contra-el-cancer-con-donativos","status":"publish","type":"post","link":"https:\/\/zonaroja.com.mx\/?p=45112","title":{"rendered":"Olvidados por gobiernos, ni\u00f1os luchan contra el c\u00e1ncer con donativos"},"content":{"rendered":"\n<p>Yuridiana Sosa\/Zona Roja.<\/p>\n\n\n\n<p>Oaxaca de Ju\u00e1rez, Oax., a 27 de agosto de 2022.- Resignados al olvido institucional, padres y madres de ni\u00f1os que luchan contra el c\u00e1ncer en Oaxaca agradecieron a asociaciones civiles por ayudarlos a darle esperanzas de vida a sus hijos.<\/p>\n\n\n\n<p>Con el coraz\u00f3n lleno de fe, los padres de familia recibieron medicamentos de alto costo por parte de la asociaci\u00f3n \u201cNariz Roja\u201d, la cual hace su esfuerzo para aliviar la angustia de los jefes de familia ante la falta de medicamentos para sus hijos.<\/p>\n\n\n\n<p>&nbsp;Las familias de los menores beneficiados volvieron a respirar, a sentir un poco de tranquilidad en esta dif\u00edcil batalla, al menos en lo que respecto al tratamiento de un mes, pues para el siguiente periodo vuelven a sentir nuevamente la angustia ante la incertidumbre si podr\u00e1n contar o no con \u00e9ste.<\/p>\n\n\n\n<p>&nbsp;\u201cGracias por su buen coraz\u00f3n, por compadecerse de los chiquitines. El gobierno nos abandon\u00f3 totalmente y gracias a la organizaci\u00f3n seguimos en la lucha\u201d; \u201cGracias, porque nuestros hijos tienen derecho a vivir, y el gobierno estatal y federal nos ha abandonado, los invitamos a seguir apoy\u00e1ndonos\u201d, dicen madres de familia que pasan sus d\u00edas en el Hospital de la Ni\u00f1ez Oaxaque\u00f1a.<\/p>\n\n\n\n<p>Desde hace tres a\u00f1os, en incansable n\u00famero de veces, las asociaciones de apoyo a pacientes con c\u00e1ncer han reportado al gobierno federal las condiciones que sufren los cerca de 200 ni\u00f1os que se atienden en el Hospital de la Ni\u00f1ez Oaxaque\u00f1a, sin recibir respuesta positiva.<\/p>\n\n\n\n<figure class=\"wp-block-embed is-type-rich is-provider-twitter wp-block-embed-twitter\"><div class=\"wp-block-embed__wrapper\">\n<div class=\"twitter-tweet\"><blockquote class=\"twitter-tweet\" data-lang=\"es\"><p lang=\"es\" dir=\"ltr\">En el Hospital de la Ni\u00f1ez Oaxaque\u00f1a sigue el desabasto, no hay ni cosas tan b\u00e1sicas como reactivos para Biometr\u00edas Hem\u00e1ticas, hay que hacerlas en otro hospital o en laboratorios particulares. Para la salud no hay presupuesto.<\/p>&mdash; Con\ud83c\udf97Causa (@ConCausaMX) <a href=\"https:\/\/twitter.com\/ConCausaMX\/status\/1563200944329764864?ref_src=twsrc%5Etfw\">26 de agosto de 2022<\/a><\/blockquote><\/div>\n<\/div><\/figure>\n\n\n\n<p>La asociaci\u00f3n \u201cNariz Roja\u201d denunci\u00f3 en redes sociales, que la respuesta del gobierno de M\u00e9xico es que este tema es responsabilidad del gobierno estatal, sin embargo, la estancia local tampoco atiende.<\/p>\n\n\n\n<p>\u201cSe han perdido muchas vidas y est\u00e1n en riesgo muchas m\u00e1s \u00bfQu\u00e9 falta para que alguien asuma su responsabilidad?\u201d, destac\u00f3 la agrupaci\u00f3n, quien cuestion\u00f3 la supuesta restructuraci\u00f3n del Instituto de Salud para el Bienestar (Insabi), quien ofrecer\u00eda servicios de servicios de salud gratuitos a quienes no tuvieran ning\u00fan tipo de servicio y ellos \u2013los ni\u00f1os- cumplen todos los requisitos.<\/p>\n\n\n\n<p>Destac\u00f3 que mientras no existe responsabilidad federal, los padres y madres de familia siguen luchando tambi\u00e9n por buscar recursos, realizando rifas, subastas, vender su patrimonio o cualquier actividad que les permita tener ingresos para salvar la vida de sus hijos.<\/p>\n\n\n\n<p>\u201cLas obras pueden esperar se\u00f1or Presidente, los enfermos no. Que parte de: \u201cse nos est\u00e1n muriendo no captan?\u201d, manifest\u00f3 la organizaci\u00f3n, quien aclar\u00f3 que aunque el reclamo es para el presidente de M\u00e9xico, no se trata de una batalla, sino de exigir que se respete el derecho a la salud.<\/p>\n\n\n\n<figure class=\"wp-block-embed is-type-rich is-provider-twitter wp-block-embed-twitter\"><div class=\"wp-block-embed__wrapper\">\n<div class=\"twitter-tweet\"><blockquote class=\"twitter-tweet\" data-lang=\"es\"><p lang=\"es\" dir=\"ltr\">Sr Presidente <a href=\"https:\/\/twitter.com\/lopezobrador_?ref_src=twsrc%5Etfw\">@lopezobrador_<\/a> desde hace m\u00e1s de 3 a\u00f1os distintas organizaciones hemos informado a sus autoridades de salud  sobre la situaci\u00f3n de los ni\u00f1os que se atienden en el Hospital de la ni\u00f1ez oaxaque\u00f1a en particular los que se atienden de c\u00e1ncer ( aprox 200 ni\u00f1os ) \ud83e\uddf5 <a href=\"https:\/\/t.co\/Jjevpl2DVx\">pic.twitter.com\/Jjevpl2DVx<\/a><\/p>&mdash; NARIZ ROJA AC (@NARIZROJAAC) <a href=\"https:\/\/twitter.com\/NARIZROJAAC\/status\/1563142249935908871?ref_src=twsrc%5Etfw\">26 de agosto de 2022<\/a><\/blockquote><\/div>\n<\/div><\/figure>\n","protected":false},"excerpt":{"rendered":"<p>Yuridiana Sosa\/Zona Roja. Oaxaca de Ju\u00e1rez, Oax., a 27 de agosto de 2022.- Resignados al&hellip;<\/p>\n","protected":false},"author":2,"featured_media":30119,"comment_status":"closed","ping_status":"open","sticky":false,"template":"","format":"standard","meta":{"_lmt_disableupdate":"","_lmt_disable":"","_jetpack_memberships_contains_paid_content":false,"footnotes":""},"categories":[109,47],"tags":[318],"class_list":["post-45112","post","type-post","status-publish","format-standard","has-post-thumbnail","hentry","category-minuto-a-minuto","category-zona-gris","tag-hospital-de-la-ninez-oaxaquena"],"jetpack_featured_media_url":"https:\/\/zonaroja.com.mx\/wp-content\/uploads\/2021\/07\/Marcha-medicinas-cancer.jpeg","jetpack_sharing_enabled":true,"_links":{"self":[{"href":"https:\/\/zonaroja.com.mx\/index.php?rest_route=\/wp\/v2\/posts\/45112","targetHints":{"allow":["GET"]}}],"collection":[{"href":"https:\/\/zonaroja.com.mx\/index.php?rest_route=\/wp\/v2\/posts"}],"about":[{"href":"https:\/\/zonaroja.com.mx\/index.php?rest_route=\/wp\/v2\/types\/post"}],"author":[{"embeddable":true,"href":"https:\/\/zonaroja.com.mx\/index.php?rest_route=\/wp\/v2\/users\/2"}],"replies":[{"embeddable":true,"href":"https:\/\/zonaroja.com.mx\/index.php?rest_route=%2Fwp%2Fv2%2Fcomments&post=45112"}],"version-history":[{"count":1,"href":"https:\/\/zonaroja.com.mx\/index.php?rest_route=\/wp\/v2\/posts\/45112\/revisions"}],"predecessor-version":[{"id":45113,"href":"https:\/\/zonaroja.com.mx\/index.php?rest_route=\/wp\/v2\/posts\/45112\/revisions\/45113"}],"wp:featuredmedia":[{"embeddable":true,"href":"https:\/\/zonaroja.com.mx\/index.php?rest_route=\/wp\/v2\/media\/30119"}],"wp:attachment":[{"href":"https:\/\/zonaroja.com.mx\/index.php?rest_route=%2Fwp%2Fv2%2Fmedia&parent=45112"}],"wp:term":[{"taxonomy":"category","embeddable":true,"href":"https:\/\/zonaroja.com.mx\/index.php?rest_route=%2Fwp%2Fv2%2Fcategories&post=45112"},{"taxonomy":"post_tag","embeddable":true,"href":"https:\/\/zonaroja.com.mx\/index.php?rest_route=%2Fwp%2Fv2%2Ftags&post=45112"}],"curies":[{"name":"wp","href":"https:\/\/api.w.org\/{rel}","templated":true}]}}