{"id":45118,"date":"2022-08-27T07:24:05","date_gmt":"2022-08-27T12:24:05","guid":{"rendered":"http:\/\/www.zonaroja.com.mx\/?p=45118"},"modified":"2022-08-27T07:24:17","modified_gmt":"2022-08-27T12:24:17","slug":"dara-inicio-en-septiembre-la-maestria-en-derecho-judicial","status":"publish","type":"post","link":"https:\/\/zonaroja.com.mx\/?p=45118","title":{"rendered":"Dar\u00e1 inicio en septiembre la Maestr\u00eda en Derecho Judicial"},"content":{"rendered":"\n<p>Redacci\u00f3n\/Zona Roja.<\/p>\n\n\n\n<p>Oaxaca de Ju\u00e1rez, Oax., a 27 de agosto de 2022.- El titular del Poder Judicial del Estado, magistrado Eduardo Pinacho S\u00e1nchez, anunci\u00f3 que el pr\u00f3ximo 2 de septiembre se inaugurar\u00e1 en Oaxaca la maestr\u00eda en Derecho Judicial, cuyas actividades acad\u00e9micas iniciar\u00e1n formalmente el nueve&nbsp;del mismo mes, con la presencia de destacados&nbsp;profesores&nbsp;de la Universidad de Perugia, Italia&nbsp;que&nbsp;participar\u00e1n&nbsp;como catedr\u00e1ticos del posgrado.&nbsp;<\/p>\n\n\n\n<p>En entrevista,&nbsp;el presidente del Tribunal Superior de Justicia y del Consejo de la&nbsp;Judicatura, indic\u00f3&nbsp;que&nbsp;al&nbsp;inicio de su administraci\u00f3n, se dise\u00f1\u00f3 un plan de trabajo para enfrentar situaciones y diferentes retos&nbsp;en&nbsp;la instituci\u00f3n, estableci\u00e9ndose tres ejes prioritarios que son el mejoramiento de la infraestructura f\u00edsica, la modernizaci\u00f3n tecnol\u00f3gica y la profesionalizaci\u00f3n&nbsp;permanente&nbsp;del personal&nbsp;judicial.<\/p>\n\n\n\n<p>Derivado de este \u00faltimo, puntualiz\u00f3 que se dise\u00f1\u00f3 la maestr\u00eda en Derecho Judicial&nbsp;en conjunto con la Universidad de Perugia y&nbsp;que hoy representa una oportunidad de experiencia acad\u00e9mica internacional, sin precedentes para las y los operadores jurisdiccionales de&nbsp;Oaxaca, de&nbsp;diferentes estados del pa\u00eds, Am\u00e9rica Latina e incluso de otras partes del mundo.<\/p>\n\n\n\n<p>\u201cConsidero que muchos de los problemas que provienen del sistema de justicia se deben a&nbsp;la &nbsp;formaci\u00f3n&nbsp;que tienen los servidores judiciales y para suplir esas deficiencias estamos poniendo \u00e9nfasis en una serie de esquemas de capacitaci\u00f3n, especializaci\u00f3n y profesionalizaci\u00f3n que permita formar ahora a jueces especializados y del m\u00e1s alto nivel\u201d, resalt\u00f3.&nbsp;<\/p>\n\n\n\n<p>El magistrado Pinacho S\u00e1nchez explic\u00f3 que otro de los beneficios de los estudios de posgrado es la oportunidad de realizar,&nbsp;en el \u00faltimo semestre,&nbsp;una estancia en la Universidad de Perugia,&nbsp;Italia,&nbsp;para&nbsp;cursar seminarios y pr\u00e1cticas judiciales, &nbsp;lo cual le permitir\u00e1 fortalecer conocimientos y conocer otras experiencias acad\u00e9micas.<\/p>\n\n\n\n<p>Respecto a los avances en el eje de mejoramiento de la infraestructura f\u00edsica, mencion\u00f3 que se pusieron&nbsp;en operaci\u00f3n cinco centros de justicia en las diferentes regiones del estado,&nbsp;se construyeron&nbsp;cuatro juzgados laborales y&nbsp;se&nbsp;han&nbsp;efectuado obras de rehabilitaci\u00f3n y mantenimiento en&nbsp;ocho juzgados; en tanto que resultado de la modernizaci\u00f3n tecnol\u00f3gica se han practicado hasta el momento&nbsp;60 mil notificaciones electr\u00f3nicas&nbsp;y se inici\u00f3 con la digitalizaci\u00f3n de expedientes.<\/p>\n","protected":false},"excerpt":{"rendered":"<p>Redacci\u00f3n\/Zona Roja. Oaxaca de Ju\u00e1rez, Oax., a 27 de agosto de 2022.- El titular del&hellip;<\/p>\n","protected":false},"author":2,"featured_media":45119,"comment_status":"closed","ping_status":"open","sticky":false,"template":"","format":"standard","meta":{"_lmt_disableupdate":"","_lmt_disable":"","_jetpack_memberships_contains_paid_content":false,"footnotes":""},"categories":[109,46],"tags":[223],"class_list":["post-45118","post","type-post","status-publish","format-standard","has-post-thumbnail","hentry","category-minuto-a-minuto","category-zona-blanca","tag-poder-judicial-de-oaxaca"],"jetpack_featured_media_url":"https:\/\/zonaroja.com.mx\/wp-content\/uploads\/2022\/08\/Sesion-de-trabajo-con-cuerpo-docente-de-la-maestria-1.jpg","jetpack_sharing_enabled":true,"_links":{"self":[{"href":"https:\/\/zonaroja.com.mx\/index.php?rest_route=\/wp\/v2\/posts\/45118","targetHints":{"allow":["GET"]}}],"collection":[{"href":"https:\/\/zonaroja.com.mx\/index.php?rest_route=\/wp\/v2\/posts"}],"about":[{"href":"https:\/\/zonaroja.com.mx\/index.php?rest_route=\/wp\/v2\/types\/post"}],"author":[{"embeddable":true,"href":"https:\/\/zonaroja.com.mx\/index.php?rest_route=\/wp\/v2\/users\/2"}],"replies":[{"embeddable":true,"href":"https:\/\/zonaroja.com.mx\/index.php?rest_route=%2Fwp%2Fv2%2Fcomments&post=45118"}],"version-history":[{"count":2,"href":"https:\/\/zonaroja.com.mx\/index.php?rest_route=\/wp\/v2\/posts\/45118\/revisions"}],"predecessor-version":[{"id":45121,"href":"https:\/\/zonaroja.com.mx\/index.php?rest_route=\/wp\/v2\/posts\/45118\/revisions\/45121"}],"wp:featuredmedia":[{"embeddable":true,"href":"https:\/\/zonaroja.com.mx\/index.php?rest_route=\/wp\/v2\/media\/45119"}],"wp:attachment":[{"href":"https:\/\/zonaroja.com.mx\/index.php?rest_route=%2Fwp%2Fv2%2Fmedia&parent=45118"}],"wp:term":[{"taxonomy":"category","embeddable":true,"href":"https:\/\/zonaroja.com.mx\/index.php?rest_route=%2Fwp%2Fv2%2Fcategories&post=45118"},{"taxonomy":"post_tag","embeddable":true,"href":"https:\/\/zonaroja.com.mx\/index.php?rest_route=%2Fwp%2Fv2%2Ftags&post=45118"}],"curies":[{"name":"wp","href":"https:\/\/api.w.org\/{rel}","templated":true}]}}