{"id":45124,"date":"2022-08-27T07:46:27","date_gmt":"2022-08-27T12:46:27","guid":{"rendered":"http:\/\/www.zonaroja.com.mx\/?p=45124"},"modified":"2022-08-27T07:46:30","modified_gmt":"2022-08-27T12:46:30","slug":"celebra-la-sspo-guelaguetza-penitenciaria-2022-en-reclusorio-de-tanivet","status":"publish","type":"post","link":"https:\/\/zonaroja.com.mx\/?p=45124","title":{"rendered":"Celebra la SSPO Guelaguetza Penitenciaria 2022 en reclusorio de Tanivet"},"content":{"rendered":"\n<p>Redacci\u00f3n\/Zona Roja.<\/p>\n\n\n\n<p>Oaxaca de Ju\u00e1rez, Oax., a 27 de agosto de 2022.- Por primera vez en la historia del sistema penitenciario de Oaxaca, Mujeres Privadas de Libertad de Centro de Reinsersi\u00f3n Social Tanivet Femenil, ubicado en Tlacolula de Matamoros, celebraron con orgullo, la grandeza cultural de Oaxaca a trav\u00e9s de la primer Guelaguetza Penitenciaria 2022.<\/p>\n\n\n\n<p>Esta Guelaguetza dio inicio con una tradicional calenda oaxaque\u00f1a, con banda de m\u00fasica, continuando con las Chinas Oaxaque\u00f1as y las delegaciones conformadas por el grupo de danza de este centro penitenciario as\u00ed como de invitados especiales con quienes se compartieron dulces tradicionales y productos de cada regi\u00f3n.<\/p>\n\n\n\n<p>Una mujer privada de libertad originaria de Huautla de Jim\u00e9nez, dio la bienvenida a esta fiesta \u00e9tnica en su lengua natal que es el mazateco.<\/p>\n\n\n\n<p>A trav\u00e9s de textiles, m\u00fasica, danza y alegr\u00eda, fueron representadas las ocho regiones de la entidad, cerrando con la danza tradicional de \u201cLos Tiliches\u201d de Putla Villa de Guerrero.<\/p>\n\n\n\n<p>La Guelaguetza Penitenciaria 2022, fue un encuentro de hermandad, cultura y tradici\u00f3n que permiti\u00f3 a las mujeres privadas de Libertad fortalecer los v\u00ednculos con la sociedad, elevar sus conocimientos intelectuales y emocionales durante su proceso efectivo de Reinserci\u00f3n Social.<\/p>\n\n\n\n<figure class=\"wp-block-embed is-type-rich is-provider-twitter wp-block-embed-twitter\"><div class=\"wp-block-embed__wrapper\">\n<div class=\"twitter-tweet\"><blockquote class=\"twitter-tweet\" data-lang=\"es\"><p lang=\"es\" dir=\"ltr\">Por 1ra vez en la historia del Sistema Penitenciario de Oaxaca, celebramos con las Mujeres Privadas de la Libertad la 1era Guelaguetza Penitenciaria 2022. <br>Fiesta popular tradicional que fortalece valores c\u00edvicos y la identidad cultural de la poblaci\u00f3n penitenciaria <a href=\"https:\/\/twitter.com\/SprsGobOax?ref_src=twsrc%5Etfw\">@SprsGobOax<\/a> <a href=\"https:\/\/t.co\/UOyFJvIasI\">pic.twitter.com\/UOyFJvIasI<\/a><\/p>&mdash; Sr\u00eda. Seg. P\u00fab. Oax. (@SSP_GobOax) <a href=\"https:\/\/twitter.com\/SSP_GobOax\/status\/1563237292030177287?ref_src=twsrc%5Etfw\">26 de agosto de 2022<\/a><\/blockquote><\/div>\n<\/div><\/figure>\n","protected":false},"excerpt":{"rendered":"<p>Redacci\u00f3n\/Zona Roja. Oaxaca de Ju\u00e1rez, Oax., a 27 de agosto de 2022.- Por primera vez&hellip;<\/p>\n","protected":false},"author":2,"featured_media":45125,"comment_status":"closed","ping_status":"open","sticky":false,"template":"","format":"standard","meta":{"_lmt_disableupdate":"","_lmt_disable":"","_jetpack_memberships_contains_paid_content":false,"footnotes":""},"categories":[109,46],"tags":[1421],"class_list":["post-45124","post","type-post","status-publish","format-standard","has-post-thumbnail","hentry","category-minuto-a-minuto","category-zona-blanca","tag-secretaria-de-seguridad-publica-de-oaxaca-sspo"],"jetpack_featured_media_url":"https:\/\/zonaroja.com.mx\/wp-content\/uploads\/2022\/08\/Guelaguetza-reclusorio-Tanivet-Oaxaca-SSPO.jpg","jetpack_sharing_enabled":true,"_links":{"self":[{"href":"https:\/\/zonaroja.com.mx\/index.php?rest_route=\/wp\/v2\/posts\/45124","targetHints":{"allow":["GET"]}}],"collection":[{"href":"https:\/\/zonaroja.com.mx\/index.php?rest_route=\/wp\/v2\/posts"}],"about":[{"href":"https:\/\/zonaroja.com.mx\/index.php?rest_route=\/wp\/v2\/types\/post"}],"author":[{"embeddable":true,"href":"https:\/\/zonaroja.com.mx\/index.php?rest_route=\/wp\/v2\/users\/2"}],"replies":[{"embeddable":true,"href":"https:\/\/zonaroja.com.mx\/index.php?rest_route=%2Fwp%2Fv2%2Fcomments&post=45124"}],"version-history":[{"count":1,"href":"https:\/\/zonaroja.com.mx\/index.php?rest_route=\/wp\/v2\/posts\/45124\/revisions"}],"predecessor-version":[{"id":45126,"href":"https:\/\/zonaroja.com.mx\/index.php?rest_route=\/wp\/v2\/posts\/45124\/revisions\/45126"}],"wp:featuredmedia":[{"embeddable":true,"href":"https:\/\/zonaroja.com.mx\/index.php?rest_route=\/wp\/v2\/media\/45125"}],"wp:attachment":[{"href":"https:\/\/zonaroja.com.mx\/index.php?rest_route=%2Fwp%2Fv2%2Fmedia&parent=45124"}],"wp:term":[{"taxonomy":"category","embeddable":true,"href":"https:\/\/zonaroja.com.mx\/index.php?rest_route=%2Fwp%2Fv2%2Fcategories&post=45124"},{"taxonomy":"post_tag","embeddable":true,"href":"https:\/\/zonaroja.com.mx\/index.php?rest_route=%2Fwp%2Fv2%2Ftags&post=45124"}],"curies":[{"name":"wp","href":"https:\/\/api.w.org\/{rel}","templated":true}]}}