{"id":45127,"date":"2022-08-27T07:58:01","date_gmt":"2022-08-27T12:58:01","guid":{"rendered":"http:\/\/www.zonaroja.com.mx\/?p=45127"},"modified":"2022-08-27T07:58:03","modified_gmt":"2022-08-27T12:58:03","slug":"sentencian-a-mando-policiaco-en-oaxaca-a-21-anos-por-violacion","status":"publish","type":"post","link":"https:\/\/zonaroja.com.mx\/?p=45127","title":{"rendered":"Sentencian a mando policiaco en Oaxaca a 21 a\u00f1os por violaci\u00f3n"},"content":{"rendered":"\n<p>Redacci\u00f3n\/Zona Roja.&nbsp;<\/p>\n\n\n\n<p>Oaxaca de Ju\u00e1rez, Oax., a 27 de agosto de 2022.- La Fiscal\u00eda General del Estado de Oaxaca (FGEO) obtuvo sentencia condenatoria de 21 a\u00f1os de prisi\u00f3n contra la persona del sexo masculino identificada como I. V. S., quien fung\u00eda como director de Seguridad P\u00fablica en el municipio de San Miguel Soyaltepec, en la regi\u00f3n de la Cuenca, y que es responsable del delito de violaci\u00f3n agravada contra una mujer de identidad reservada.<\/p>\n\n\n\n<p>De acuerdo con la carpeta de investigaci\u00f3n 20951\/FCUE\/ TUXTEPEC\/2021, el 16 de junio de 2021, a trav\u00e9s de enga\u00f1os, el imputado cit\u00f3 a la v\u00edctima a sus oficinas, ubicadas en el referido municipio donde la agredi\u00f3 de manera sexual.<\/p>\n\n\n\n<p>Ante este hecho y tras la denuncia presentada, la Vicefiscal\u00eda Regional de la Cuenca intervino e inici\u00f3 la investigaci\u00f3n correspondiente que permiti\u00f3 aprehender al agresor sexual y, tras ser presentado ante el Juzgado de Control, qued\u00f3 vinculado a proceso.<\/p>\n\n\n\n<p>En audiencia, el Tribunal de Enjuiciamiento dict\u00f3 sentencia condenatoria contra I. V. S., imponiendo la pena de 21 a\u00f1os de prisi\u00f3n, adem\u00e1s de ordenar el pago de una multa por m\u00e1s de 80 mil pesos y la reparaci\u00f3n del da\u00f1o en abstracto.&nbsp;<\/p>\n\n\n\n<p>NARCOMENUDISTA DETENIDO&nbsp;<\/p>\n\n\n\n<p>En otro hecho, la Fiscal\u00eda General obtuvo, del Juzgado de Control, auto de vinculaci\u00f3n a proceso contra la persona del sexo masculino identificado F. M. S., se\u00f1alado como probable responsable del delito contra la salud en su modalidad de narcomenudeo en agravio de la sociedad, cometido en Oaxaca de Ju\u00e1rez, en la regi\u00f3n de Valles Centrales.<\/p>\n\n\n\n<p>De acuerdo con los hechos asentados en la causa penal 971\/2022, el 19 de agosto de 2022, el imputado se encontraba en inmediaciones de la Central de Abastos, cuando probablemente ten\u00eda en sus manos diversos envoltorios con caracter\u00edsticas de hero\u00edna, piedra a base de coca\u00edna y coca\u00edna en polvo, motivo por el cual fue detenido en flagrancia por elementos de la Polic\u00eda Estatal.<\/p>\n\n\n\n<p>Tras su detenci\u00f3n, el imputado fue puesto a disposici\u00f3n del Ministerio P\u00fablico de la FGEO y luego de validar los datos de prueba, proporcionados por&nbsp; la Fiscal\u00eda Especializada para la Atenci\u00f3n a Delitos de Alto Impacto, el Juez en turno determin\u00f3 vincular a proceso a F. M. S., imponiendo la medida cautelar de prisi\u00f3n preventiva y otorg\u00f3 tres meses para el cierre de investigaci\u00f3n complementaria.<\/p>\n\n\n\n<p>FALLO VS HOMICIDA<\/p>\n\n\n\n<p>Mientras tanto, la instituci\u00f3n obtuvo, del Tribunal de Enjuiciamiento, fallo condenatorio contra una persona del sexo masculino identificado como R. C. C., responsable del delito de homicidio calificado con ventaja en agravio de quien en vida respondi\u00f3 al nombre de A. E. J. ( quien se desempe\u00f1\u00f3 como Agente Municipal de San Francisco Loxicha), cometido en diciembre de 2019, en jurisdicci\u00f3n de San Agust\u00edn Loxicha, en la regi\u00f3n de la Costa.<\/p>\n\n\n\n<p>De acuerdo con la causa penal 119\/2019, el 11 de diciembre de 2019, la v\u00edctima se encontraba en inmediaciones de su domicilio particular, ubicado en Santa Mar\u00eda Bella Vista, posteriormente abord\u00f3 un veh\u00edculo de pasaje que lo conducir\u00eda a su centro de trabajo.<\/p>\n\n\n\n<p>Sin embargo, del veh\u00edculo descendieron el imputado y dos personas m\u00e1s, quienes bajaron de dicha unidad a la v\u00edctima y lo condujeron a su domicilio particular, lugar donde R. C. C. lo priv\u00f3 de la vida con disparos de arma de fuego.&nbsp;<\/p>\n\n\n\n<p>Ante estos hechos, la Instituci\u00f3n de procuraci\u00f3n de justicia atrajo la investigaci\u00f3n -a trav\u00e9s de la Vicefiscal\u00eda Regional de la Costa-, logrando identificar, aprehender y presentar al responsable ante el Juez de la causa, quien determin\u00f3 vincularlo a proceso.<\/p>\n\n\n\n<p>En audiencia, el Tribunal de Enjuiciamiento dict\u00f3 fallo condenatorio contra la referida persona, cuya lectura de sentencia se llevar\u00e1 a cabo en los pr\u00f3ximos d\u00edas.<\/p>\n","protected":false},"excerpt":{"rendered":"<p>Redacci\u00f3n\/Zona Roja.&nbsp; Oaxaca de Ju\u00e1rez, Oax., a 27 de agosto de 2022.- La Fiscal\u00eda General&hellip;<\/p>\n","protected":false},"author":2,"featured_media":45128,"comment_status":"closed","ping_status":"open","sticky":false,"template":"","format":"standard","meta":{"_lmt_disableupdate":"","_lmt_disable":"","_jetpack_memberships_contains_paid_content":false,"footnotes":""},"categories":[109,46],"tags":[494],"class_list":["post-45127","post","type-post","status-publish","format-standard","has-post-thumbnail","hentry","category-minuto-a-minuto","category-zona-blanca","tag-fiscalia-general-del-estado-de-oaxaca"],"jetpack_featured_media_url":"https:\/\/zonaroja.com.mx\/wp-content\/uploads\/2022\/08\/Policia-municipal.jpeg","jetpack_sharing_enabled":true,"_links":{"self":[{"href":"https:\/\/zonaroja.com.mx\/index.php?rest_route=\/wp\/v2\/posts\/45127","targetHints":{"allow":["GET"]}}],"collection":[{"href":"https:\/\/zonaroja.com.mx\/index.php?rest_route=\/wp\/v2\/posts"}],"about":[{"href":"https:\/\/zonaroja.com.mx\/index.php?rest_route=\/wp\/v2\/types\/post"}],"author":[{"embeddable":true,"href":"https:\/\/zonaroja.com.mx\/index.php?rest_route=\/wp\/v2\/users\/2"}],"replies":[{"embeddable":true,"href":"https:\/\/zonaroja.com.mx\/index.php?rest_route=%2Fwp%2Fv2%2Fcomments&post=45127"}],"version-history":[{"count":1,"href":"https:\/\/zonaroja.com.mx\/index.php?rest_route=\/wp\/v2\/posts\/45127\/revisions"}],"predecessor-version":[{"id":45129,"href":"https:\/\/zonaroja.com.mx\/index.php?rest_route=\/wp\/v2\/posts\/45127\/revisions\/45129"}],"wp:featuredmedia":[{"embeddable":true,"href":"https:\/\/zonaroja.com.mx\/index.php?rest_route=\/wp\/v2\/media\/45128"}],"wp:attachment":[{"href":"https:\/\/zonaroja.com.mx\/index.php?rest_route=%2Fwp%2Fv2%2Fmedia&parent=45127"}],"wp:term":[{"taxonomy":"category","embeddable":true,"href":"https:\/\/zonaroja.com.mx\/index.php?rest_route=%2Fwp%2Fv2%2Fcategories&post=45127"},{"taxonomy":"post_tag","embeddable":true,"href":"https:\/\/zonaroja.com.mx\/index.php?rest_route=%2Fwp%2Fv2%2Ftags&post=45127"}],"curies":[{"name":"wp","href":"https:\/\/api.w.org\/{rel}","templated":true}]}}