{"id":45130,"date":"2022-08-27T08:16:32","date_gmt":"2022-08-27T13:16:32","guid":{"rendered":"http:\/\/www.zonaroja.com.mx\/?p=45130"},"modified":"2022-08-27T08:16:34","modified_gmt":"2022-08-27T13:16:34","slug":"vincularian-a-proceso-manana-a-detenidos-por-caso-abigail-h-u","status":"publish","type":"post","link":"https:\/\/zonaroja.com.mx\/?p=45130","title":{"rendered":"Vincular\u00edan a proceso, ma\u00f1ana, a detenidos por caso Abigail H. U."},"content":{"rendered":"\n<p>Ismael Garc\u00eda M.\/Zona Roja.<\/p>\n\n\n\n<p>Oaxaca de Ju\u00e1rez, Oax., a 27 de agosto de 2022.- Las cuatro personas, tres polic\u00edas y un juez c\u00edvico, detenidas por la muerte de Abigail H. C., fueron recluidas en el Centro de Reinserci\u00f3n Social Tanivet, ubicado en Tlacolula de Matamoros.<\/p>\n\n\n\n<p>Fueron detenidos el pasado mi\u00e9rcoles por parte de personal de la Fiscal\u00eda General del Estado de Oaxaca, por su probable participaci\u00f3n en la muerte de la joven, detenida por falta administrativa la tarde del 19 de agosto y quien muri\u00f3 horas despu\u00e9s, de asfixia por ahorcamiento.<\/p>\n\n\n\n<p>Ayer por la madrugada termin\u00f3 la audiencia de control de detenci\u00f3n y este domingo se prev\u00e9 que queden vinculados a proceso.<\/p>\n\n\n\n<p>Se trata de Rafael R. V., F\u00e9lix A. H., Juan Diego E. S., y Joel Alberto L. V., quienes permanecen en prisi\u00f3n preventiva.<\/p>\n\n\n\n<p>Son se\u00f1alados de actuar con probable omisi\u00f3n por el deceso de Abigail, quien muri\u00f3 ahorcada con su prenda \u00edntima colgada al cerrojo de los separos del ayuntamiento de Salina Cruz, que se ubicaba a poco m\u00e1s de un metro de altura.<\/p>\n\n\n\n<p>Mientras tanto, ayer por la tarde en calles de Salina Cruz se efectu\u00f3 una marcha para exigir justicia por la muerte de la joven, pues consideran que se trata de un feminicidio y no un suicidio, como asegur\u00f3 la autoridad municipal de esa ciudad y puerto.<\/p>\n\n\n\n<figure class=\"wp-block-embed is-type-rich is-provider-twitter wp-block-embed-twitter\"><div class=\"wp-block-embed__wrapper\">\n<div class=\"twitter-tweet\"><blockquote class=\"twitter-tweet\" data-lang=\"es\"><p lang=\"es\" dir=\"ltr\">La <a href=\"https:\/\/twitter.com\/FISCALIA_GobOax?ref_src=twsrc%5Etfw\">@FISCALIA_GobOax<\/a> a trav\u00e9s de la <a href=\"https:\/\/twitter.com\/AeiFgeo?ref_src=twsrc%5Etfw\">@AeiFgeo<\/a> mediante trabajos de investigaci\u00f3n, da cumplimiento a orden de aprehensi\u00f3n en contra de 4 masculinos por su probable participaci\u00f3n en el delito Homicidio por omisi\u00f3n en agravio de f\u00e9mina, delito cometido en Salina Cruz el 19 de agosto. <a href=\"https:\/\/t.co\/l0G9FTKVI6\">pic.twitter.com\/l0G9FTKVI6<\/a><\/p>&mdash; AEI OAXACA FGEO (@AeiFgeo) <a href=\"https:\/\/twitter.com\/AeiFgeo\/status\/1562870928257650689?ref_src=twsrc%5Etfw\">25 de agosto de 2022<\/a><\/blockquote><\/div>\n<\/div><\/figure>\n","protected":false},"excerpt":{"rendered":"<p>Ismael Garc\u00eda M.\/Zona Roja. Oaxaca de Ju\u00e1rez, Oax., a 27 de agosto de 2022.- Las&hellip;<\/p>\n","protected":false},"author":2,"featured_media":45131,"comment_status":"closed","ping_status":"open","sticky":false,"template":"","format":"standard","meta":{"_lmt_disableupdate":"","_lmt_disable":"","_jetpack_memberships_contains_paid_content":false,"footnotes":""},"categories":[109,47],"tags":[3234],"class_list":["post-45130","post","type-post","status-publish","format-standard","has-post-thumbnail","hentry","category-minuto-a-minuto","category-zona-gris","tag-abigail-hay-urrutia"],"jetpack_featured_media_url":"https:\/\/zonaroja.com.mx\/wp-content\/uploads\/2022\/08\/Detenidos-FGEO-caso-Salina-Cruz.jpg","jetpack_sharing_enabled":true,"_links":{"self":[{"href":"https:\/\/zonaroja.com.mx\/index.php?rest_route=\/wp\/v2\/posts\/45130","targetHints":{"allow":["GET"]}}],"collection":[{"href":"https:\/\/zonaroja.com.mx\/index.php?rest_route=\/wp\/v2\/posts"}],"about":[{"href":"https:\/\/zonaroja.com.mx\/index.php?rest_route=\/wp\/v2\/types\/post"}],"author":[{"embeddable":true,"href":"https:\/\/zonaroja.com.mx\/index.php?rest_route=\/wp\/v2\/users\/2"}],"replies":[{"embeddable":true,"href":"https:\/\/zonaroja.com.mx\/index.php?rest_route=%2Fwp%2Fv2%2Fcomments&post=45130"}],"version-history":[{"count":1,"href":"https:\/\/zonaroja.com.mx\/index.php?rest_route=\/wp\/v2\/posts\/45130\/revisions"}],"predecessor-version":[{"id":45132,"href":"https:\/\/zonaroja.com.mx\/index.php?rest_route=\/wp\/v2\/posts\/45130\/revisions\/45132"}],"wp:featuredmedia":[{"embeddable":true,"href":"https:\/\/zonaroja.com.mx\/index.php?rest_route=\/wp\/v2\/media\/45131"}],"wp:attachment":[{"href":"https:\/\/zonaroja.com.mx\/index.php?rest_route=%2Fwp%2Fv2%2Fmedia&parent=45130"}],"wp:term":[{"taxonomy":"category","embeddable":true,"href":"https:\/\/zonaroja.com.mx\/index.php?rest_route=%2Fwp%2Fv2%2Fcategories&post=45130"},{"taxonomy":"post_tag","embeddable":true,"href":"https:\/\/zonaroja.com.mx\/index.php?rest_route=%2Fwp%2Fv2%2Ftags&post=45130"}],"curies":[{"name":"wp","href":"https:\/\/api.w.org\/{rel}","templated":true}]}}