{"id":45139,"date":"2022-08-27T16:15:25","date_gmt":"2022-08-27T21:15:25","guid":{"rendered":"http:\/\/www.zonaroja.com.mx\/?p=45139"},"modified":"2022-08-27T16:15:43","modified_gmt":"2022-08-27T21:15:43","slug":"revelan-nombre-de-alto-mando-del-ejercito-que-ordeno-ejecucion-de-los-43","status":"publish","type":"post","link":"https:\/\/zonaroja.com.mx\/?p=45139","title":{"rendered":"Revelan nombre de alto mando del Ej\u00e9rcito que orden\u00f3 ejecuci\u00f3n de los 43"},"content":{"rendered":"\n<p>Redacci\u00f3n\/Zona Roja Cdmx.<\/p>\n\n\n\n<p>Ciudad de M\u00e9xico, a 27 de agosto de 2022.- El entonces coronel Jos\u00e9 Rodr\u00edguez P\u00e9rez fue quien presuntamente orden\u00f3 la ejecuci\u00f3n y desaparici\u00f3n de los \u00faltimos seis normalistas de Ayotzinapa, en septiembre de 2014, en los hechos de la noche de Iguala. Un a\u00f1o despu\u00e9s, en noviembre, este jefe militar fue ascendido por el gobierno de Enrique Pe\u00f1a Nieto a general brigadier.<\/p>\n\n\n\n<p>El presidente de la Comisi\u00f3n para la Verdad y Acceso a la Justicia del caso Ayotzinapa (Covaj), Alejandro Encinas Rodr\u00edguez, dio nuevos detalles sobre el informe elaborado por esa instancia \u2013creada por decreto presidencial en 2019\u2013, donde revel\u00f3 el nombre de uno de los se\u00f1alados como responsables en esos hechos y que en principio el reporte ubicaba como El Coronel, quien tambi\u00e9n habr\u00eda estado en contacto con miembros del grupo criminal Guerreros Unidos.<\/p>\n\n\n\n<p>Asimismo, enfatiz\u00f3 Encinas, la llamada verdad hist\u00f3rica se urdi\u00f3 en los m\u00e1s altos niveles del gobierno de Pe\u00f1a Nieto \u201ce involucra a todas aquellas personas que participaron en las reuniones de la Presidencia de la Rep\u00fablica (Los Pinos) en la discusi\u00f3n de estos temas\u201d. Subray\u00f3 que entre los personajes que estuvieron en esos c\u00f3nclaves, las autoridades ministeriales \u2013Fiscal\u00eda General de la Rep\u00fablica (FGR) y jueces\u2013 deber\u00e1n ubicar a los responsables en el dise\u00f1o, operaci\u00f3n e implementaci\u00f3n de las acciones que derivaron en la mencionada versi\u00f3n, que ha sido derribada por diversas fuentes e informes.<\/p>\n\n\n\n<p>El tambi\u00e9n subsecretario de Derechos Humanos de la Secretar\u00eda de Gobernaci\u00f3n (SG) estuvo ayer en la ma\u00f1anera del presidente Andr\u00e9s Manuel L\u00f3pez Obrador para ahondar en el contenido del informe de la comisi\u00f3n que encabeza y sus diferencias con la verdad hist\u00f3rica \u2013versi\u00f3n oficial en el sexenio pasado, en la que el ex procurador general de la Rep\u00fablica Jes\u00fas Murillo Karam, ahora detenido y sujeto a proceso, jug\u00f3 un papel preponderante\u2013, esto para responder a las voces que siguen defendiendo esa conclusi\u00f3n y alegan que ambas apuntan a lo mismo.<\/p>\n\n\n\n<p>\u201cSe presume que seis de los estudiantes se mantuvieron con vida hasta cuatro d\u00edas despu\u00e9s de los hechos \u2013suscitados la noche del 26 y la madrugada del 27 de septiembre de 2014\u2013 y que fueron ultimados y desaparecidos por \u00f3rdenes de El Coronel, presuntamente el entonces coronel Jos\u00e9 Rodr\u00edguez P\u00e9rez.\u201d<\/p>\n\n\n\n<p>Es la primera vez que la administraci\u00f3n federal identifica expl\u00edcitamente a un mando militar con la ejecuci\u00f3n de seis de los 43 normalistas desaparecidos.<\/p>\n\n\n\n<p>Dentro de la estructura del Ej\u00e9rcito el grado de coronel es el m\u00e1s alto entre las jefaturas de la milicia, y el ascenso a general brigadier implica ampliar la capacidad mando, con m\u00e1s elementos bajo su cargo, y escalar a la primera de las tres m\u00e1ximas posiciones dentro de la corporaci\u00f3n, s\u00f3lo por debajo de general de divisi\u00f3n y general de brigada.<\/p>\n\n\n\n<p>Rodr\u00edguez P\u00e9rez era entonces comandante del 27 Batall\u00f3n de Infanter\u00eda, con sede en Iguala, Guerrero, y respond\u00eda a las \u00f3rdenes del general Alejandro Saavedra Hern\u00e1ndez, quien en 2014 era comandante de la 35 Zona Militar, con sede en Chilpancingo, y quien \u2013de acuerdo con la Covaj\u2013 tuvo conocimiento de lo ocurrido entre la noche del 26 y la madrugada del 27 de septiembre y d\u00edas subsecuentes de aquel a\u00f1o.<\/p>\n\n\n\n<p>Ambos est\u00e1n entre los 20 efectivos militares para los que la FGR solicit\u00f3 hace unos d\u00edas \u00f3rdenes de aprehensi\u00f3n por su probable participaci\u00f3n en estos cr\u00edmenes. El nombre de El Coronel y de otros presuntos involucrados se difundieron despu\u00e9s que el caso se ha judicializado, indicaron fuentes cercanas al proceso.<\/p>\n\n\n\n<p>En el informe de la Covaj se asienta que \u201cel 30 de septiembre El Coronel comenta que ellos se encargar\u00edan de limpiar todo y que ellos ya se hab\u00edan encargado de los seis estudiantes que hab\u00edan quedado vivos\u201d en una bodega.<\/p>\n\n\n\n<p>Ayer, Encinas refiri\u00f3 que \u201cmandaron cocinar a 10 de los estudiantes e incluso hay la informaci\u00f3n, corroborada tambi\u00e9n con llamadas al tel\u00e9fono de emergencia 089, donde se acredita que presuntamente seis de los estudiantes de los 43 desaparecidos estuvieron retenidos durante varios d\u00edas y con vida en lo que llaman \u2018la bodega vieja\u2019 y de ah\u00ed fueron entregados a El Coronel, como ven en los testimonios, quien se hizo cargo de estos muchachos\u201d.<\/p>\n\n\n\n<p>El subsecretario present\u00f3 un diagrama \u2013elaborado a partir del an\u00e1lisis de decenas de mensajes de telefon\u00eda que intercambiaron los involucrados en la desaparici\u00f3n y ejecuci\u00f3n de los j\u00f3venes\u2013 que revela que El Coronel se coordin\u00f3 y dio \u00f3rdenes a David Cruz H., El Chino, identificado como bombero, jefe de comunicaciones y sicario de Guerreros Unidos.<\/p>\n\n\n\n<p>\u201cAbarca es El A1\u201d<\/p>\n\n\n\n<p>Otra de las identidades que ayer devel\u00f3 el funcionario es El A1, quien presuntamente ser\u00eda el ex alcalde de Iguala Jos\u00e9 Luis Abarca, a quien se ubica como la persona que dio la orden de desaparecer a los normalistas.<\/p>\n\n\n\n<p>\u2013\u00bfQui\u00e9nes dieron la orden? \u2013se le interrog\u00f3.<\/p>\n\n\n\n<p>\u2013Participa A1, presuntamente Jos\u00e9 Luis Abarca; los dirigentes de Guerreros Unidos, y en colusi\u00f3n algunas otras autoridades, que es lo que forma parte de la investigaci\u00f3n \u2013apunt\u00f3 Encinas.<\/p>\n\n\n\n<p>El informe asienta: \u201cA1 dio la orden de recuperar la mercanc\u00eda: \u2018me chingan a todos a discreci\u00f3n\u2019. A1 orden\u00f3 la desaparici\u00f3n de todos los estudiantes porque no saben \u2018qui\u00e9n es qui\u00e9n\u2019 y se est\u00e1 calentando la plaza demasiado, \u2018m\u00e1talos a todos, Iguala es m\u00edo\u2019\u201d.<\/p>\n\n\n\n<p>(Informaci\u00f3n de \u00abLa Jornada\u00bb)<\/p>\n","protected":false},"excerpt":{"rendered":"<p>Redacci\u00f3n\/Zona Roja Cdmx. Ciudad de M\u00e9xico, a 27 de agosto de 2022.- El entonces coronel&hellip;<\/p>\n","protected":false},"author":2,"featured_media":45140,"comment_status":"closed","ping_status":"open","sticky":false,"template":"","format":"standard","meta":{"_lmt_disableupdate":"","_lmt_disable":"","_jetpack_memberships_contains_paid_content":false,"footnotes":""},"categories":[109,47],"tags":[1816],"class_list":["post-45139","post","type-post","status-publish","format-standard","has-post-thumbnail","hentry","category-minuto-a-minuto","category-zona-gris","tag-43-desaparecidos-ayotzinapa"],"jetpack_featured_media_url":"https:\/\/zonaroja.com.mx\/wp-content\/uploads\/2022\/08\/Desaparecidos-Normal-Ayotzinapa.jpeg","jetpack_sharing_enabled":true,"_links":{"self":[{"href":"https:\/\/zonaroja.com.mx\/index.php?rest_route=\/wp\/v2\/posts\/45139","targetHints":{"allow":["GET"]}}],"collection":[{"href":"https:\/\/zonaroja.com.mx\/index.php?rest_route=\/wp\/v2\/posts"}],"about":[{"href":"https:\/\/zonaroja.com.mx\/index.php?rest_route=\/wp\/v2\/types\/post"}],"author":[{"embeddable":true,"href":"https:\/\/zonaroja.com.mx\/index.php?rest_route=\/wp\/v2\/users\/2"}],"replies":[{"embeddable":true,"href":"https:\/\/zonaroja.com.mx\/index.php?rest_route=%2Fwp%2Fv2%2Fcomments&post=45139"}],"version-history":[{"count":2,"href":"https:\/\/zonaroja.com.mx\/index.php?rest_route=\/wp\/v2\/posts\/45139\/revisions"}],"predecessor-version":[{"id":45142,"href":"https:\/\/zonaroja.com.mx\/index.php?rest_route=\/wp\/v2\/posts\/45139\/revisions\/45142"}],"wp:featuredmedia":[{"embeddable":true,"href":"https:\/\/zonaroja.com.mx\/index.php?rest_route=\/wp\/v2\/media\/45140"}],"wp:attachment":[{"href":"https:\/\/zonaroja.com.mx\/index.php?rest_route=%2Fwp%2Fv2%2Fmedia&parent=45139"}],"wp:term":[{"taxonomy":"category","embeddable":true,"href":"https:\/\/zonaroja.com.mx\/index.php?rest_route=%2Fwp%2Fv2%2Fcategories&post=45139"},{"taxonomy":"post_tag","embeddable":true,"href":"https:\/\/zonaroja.com.mx\/index.php?rest_route=%2Fwp%2Fv2%2Ftags&post=45139"}],"curies":[{"name":"wp","href":"https:\/\/api.w.org\/{rel}","templated":true}]}}