{"id":45150,"date":"2022-08-28T10:00:00","date_gmt":"2022-08-28T15:00:00","guid":{"rendered":"http:\/\/www.zonaroja.com.mx\/?p=45150"},"modified":"2022-08-28T06:41:37","modified_gmt":"2022-08-28T11:41:37","slug":"que-no-es-cuerpo-de-locutora-el-hallado-en-mazatlan-dicen-sus-padres","status":"publish","type":"post","link":"https:\/\/zonaroja.com.mx\/?p=45150","title":{"rendered":"Que no es cuerpo de locutora el hallado en Mazatl\u00e1n, dicen sus padres"},"content":{"rendered":"\n<p>Redacci\u00f3n\/Zona Roja Cdmx.<\/p>\n\n\n\n<p>Ciudad de M\u00e9xico, a 28 de agosto de 2022.-El cuerpo de una mujer fue localizado dentro del canal de navegaci\u00f3n del fraccionamiento El Cid, en Mazatl\u00e1n, y las autoridades investigan si se trata de una conductora de radio reportada como desaparecida a finales de julio.<\/p>\n\n\n\n<p>Fue encontrado el jueves 25 de agosto, envuelto en pl\u00e1stico, con las manos amarradas y piedras atadas a su cuerpo, con la intenci\u00f3n de que no saliera a flote; los familiares rechazan que sea C\u00e1ndida Cristal V\u00e1squez.<\/p>\n\n\n\n<p>Las autoridades dijeron que podr\u00eda tener al menos unos tres d\u00edas sin vida.<\/p>\n\n\n\n<p>Por su avanzado estado de descomposici\u00f3n y la forma en que fue localizada no logr\u00f3 ser identificada en el sitio, pero se dijo&nbsp;que podr\u00eda de una conductora de radio de Mazatl\u00e1n, de 34 a\u00f1os de edad, reportada como desaparecida desde el 21 de junio.<\/p>\n\n\n\n<p>Sus padres acudieron para intentar identificar el cuerpo, pero encontraron algunas inconsistencias. Su madre se\u00f1al\u00f3 en redes sociales que existen indicios para asegurar que no sea ella.<\/p>\n\n\n\n<p>\u201cQuiero dejar muy en claro que hay varias se\u00f1as particulares, del cuerpo que fue encontrado en el CID, que no coinciden con los de nuestra hija. Su padre y yo llegando a ver el cuerpo, en seguida de la Fiscal\u00eda, esperamos para pasar a identificar. Mi esposo fue quien pas\u00f3&nbsp;a identificar y entre las que no se reconocen es un tatuaje, mi hija no tiene tatuajes\u201d, escribi\u00f3.<\/p>\n\n\n\n<p>Asegur\u00f3 ya haber hablado directamente con el Gobernador del Estado, quien les manifest\u00f3 su apoyo y dijo que la versi\u00f3n de que pod\u00eda tratarse de ella&nbsp;hab\u00eda salido de la Fiscal\u00eda General del Estado.<\/p>\n\n\n\n<p>\u201cNo queremos, ni vamos ha permitir, que por dar el carpetazo, digan que ella es, y&nbsp;que nos quieran quitar la oportunidad de seguir en su b\u00fasqueda&nbsp;y a los familiares de quienes resulten ser, no le encuentren\u201d se\u00f1al\u00f3 en redes sociales.<\/p>\n\n\n\n<p>Sobre el caso, la Fiscal\u00eda General del Estado dijo que, en relaci\u00f3n a la identidad de la mujer que fue encontrada sin vida en el interior de un cuerpo de agua en un fraccionamiento privado de Mazatl\u00e1n, a\u00fan se realizan las pruebas periciales Las muestras&nbsp;se recogieron y se enviaron al laboratorio de gen\u00e9tica de&nbsp;la Direcci\u00f3n de Servicios&nbsp;Periciales en Culiac\u00e1n, y cuando se tengan los resultados se dar\u00e1n a conocer.&nbsp;&nbsp;<\/p>\n\n\n\n<p>De acuerdo a la ficha emitida del Protocolo Alba, la locutora fue vista por \u00faltima vez el 21 de julio a las 17:50 horas al salir de su domicilio en el fraccionamiento Real del Valle. Al momento de su desaparici\u00f3n vest\u00eda blusa sin mangas de color blanco, pantal\u00f3n de color oscuro y zapatos de color blanco.<\/p>\n\n\n\n<p>(Informaci\u00f3n de \u201cEl Heraldo de M\u00e9xico\u201d)<\/p>\n","protected":false},"excerpt":{"rendered":"<p>Redacci\u00f3n\/Zona Roja Cdmx. Ciudad de M\u00e9xico, a 28 de agosto de 2022.-El cuerpo de una&hellip;<\/p>\n","protected":false},"author":2,"featured_media":45136,"comment_status":"closed","ping_status":"open","sticky":false,"template":"","format":"standard","meta":{"_lmt_disableupdate":"","_lmt_disable":"","_jetpack_memberships_contains_paid_content":false,"footnotes":""},"categories":[109,47],"tags":[3239],"class_list":["post-45150","post","type-post","status-publish","format-standard","has-post-thumbnail","hentry","category-minuto-a-minuto","category-zona-gris","tag-candida-cristal-vasquez"],"jetpack_featured_media_url":"https:\/\/zonaroja.com.mx\/wp-content\/uploads\/2022\/08\/Candida-Cristal-Vasquez.jpeg","jetpack_sharing_enabled":true,"_links":{"self":[{"href":"https:\/\/zonaroja.com.mx\/index.php?rest_route=\/wp\/v2\/posts\/45150","targetHints":{"allow":["GET"]}}],"collection":[{"href":"https:\/\/zonaroja.com.mx\/index.php?rest_route=\/wp\/v2\/posts"}],"about":[{"href":"https:\/\/zonaroja.com.mx\/index.php?rest_route=\/wp\/v2\/types\/post"}],"author":[{"embeddable":true,"href":"https:\/\/zonaroja.com.mx\/index.php?rest_route=\/wp\/v2\/users\/2"}],"replies":[{"embeddable":true,"href":"https:\/\/zonaroja.com.mx\/index.php?rest_route=%2Fwp%2Fv2%2Fcomments&post=45150"}],"version-history":[{"count":1,"href":"https:\/\/zonaroja.com.mx\/index.php?rest_route=\/wp\/v2\/posts\/45150\/revisions"}],"predecessor-version":[{"id":45151,"href":"https:\/\/zonaroja.com.mx\/index.php?rest_route=\/wp\/v2\/posts\/45150\/revisions\/45151"}],"wp:featuredmedia":[{"embeddable":true,"href":"https:\/\/zonaroja.com.mx\/index.php?rest_route=\/wp\/v2\/media\/45136"}],"wp:attachment":[{"href":"https:\/\/zonaroja.com.mx\/index.php?rest_route=%2Fwp%2Fv2%2Fmedia&parent=45150"}],"wp:term":[{"taxonomy":"category","embeddable":true,"href":"https:\/\/zonaroja.com.mx\/index.php?rest_route=%2Fwp%2Fv2%2Fcategories&post=45150"},{"taxonomy":"post_tag","embeddable":true,"href":"https:\/\/zonaroja.com.mx\/index.php?rest_route=%2Fwp%2Fv2%2Ftags&post=45150"}],"curies":[{"name":"wp","href":"https:\/\/api.w.org\/{rel}","templated":true}]}}