{"id":45155,"date":"2022-08-28T07:30:08","date_gmt":"2022-08-28T12:30:08","guid":{"rendered":"http:\/\/www.zonaroja.com.mx\/?p=45155"},"modified":"2022-08-28T07:30:10","modified_gmt":"2022-08-28T12:30:10","slug":"oaxaquena-gana-segundo-lugar-en-concurso-de-canto-en-polonia","status":"publish","type":"post","link":"https:\/\/zonaroja.com.mx\/?p=45155","title":{"rendered":"Oaxaque\u00f1a gana segundo lugar en concurso de canto en Polonia"},"content":{"rendered":"\n<p>Ismael Garc\u00eda M.\/Zona Roja.<\/p>\n\n\n\n<p>Oaxaca de Ju\u00e1rez, Oax., a 28 de agosto de 2022.- La oaxaque\u00f1a Nylzher Flores gan\u00f3 el segundo lugar del concurso de canto folcl\u00f3rico efectuado en Zakopane, Polonia.<\/p>\n\n\n\n<p>Ello en el marco de una gira de trabajo que emprendi\u00f3 por Espa\u00f1a, la Rep\u00fablica Checa y Polonia.<\/p>\n\n\n\n<p>El concurso se realiz\u00f3 el martes 23 de agosto y el jueves 25 se dieron a conocer a los ganadores en una gala dentro del Festival Internacional Folkl\u00f3rico de las Monta\u00f1as en Zakopane.&nbsp;<\/p>\n\n\n\n<p>En la eliminatoria cant\u00f3 fragmentos de m\u00fasica tradicional oaxaque\u00f1a \u00abLa Llorona\u00bb, \u00abGuendanavany\u00bb y \u00abCanci\u00f3n Mixteca\u00bb.&nbsp;<\/p>\n\n\n\n<p>En la Gala Interpreto unas estrofas del tema \u00abMi nombre es M\u00e9xico\u00bb, con el que obtuvo el lugar.<\/p>\n\n\n\n<p>La gira internacional inici\u00f3 el 15 de julio en Espa\u00f1a, en que particip\u00f3 en las \u00abFiestas de la Paloma\u201d; posteriormente estuvo en el Festival Internacional Folkl\u00f3rico de \u010cerven\u00fd Kostelec en Rep\u00fablica Checa y por \u00faltimo en el Festival Internacional Folkl\u00f3rico de las Monta\u00f1as en Zakopane,&nbsp;<\/p>\n\n\n\n<p>\u201cCaminante no hay camino, se hace camino al andar\u2026 Ya estamos de camino a casa con el coraz\u00f3n agradecido por tantas muestras de cari\u00f1o de los hermanos de los diferentes pa\u00edses que visitamos\u201d, escribi\u00f3 en su perfil de Facebook.<\/p>\n\n\n\n<p>En diciembre del a\u00f1o pasado, realiz\u00f3 tambi\u00e9n una gira internacional, por varias ciudades de Colombia, en que dio a conocer las tradiciones y cultura de Oaxaca.<\/p>\n","protected":false},"excerpt":{"rendered":"<p>Ismael Garc\u00eda M.\/Zona Roja. Oaxaca de Ju\u00e1rez, Oax., a 28 de agosto de 2022.- La&hellip;<\/p>\n","protected":false},"author":2,"featured_media":45156,"comment_status":"closed","ping_status":"open","sticky":false,"template":"","format":"standard","meta":{"_lmt_disableupdate":"","_lmt_disable":"","_jetpack_memberships_contains_paid_content":false,"footnotes":""},"categories":[109,46],"tags":[3240],"class_list":["post-45155","post","type-post","status-publish","format-standard","has-post-thumbnail","hentry","category-minuto-a-minuto","category-zona-blanca","tag-nylzher-flores"],"jetpack_featured_media_url":"https:\/\/zonaroja.com.mx\/wp-content\/uploads\/2022\/08\/Nylzher-Flores-Polonia.jpg","jetpack_sharing_enabled":true,"_links":{"self":[{"href":"https:\/\/zonaroja.com.mx\/index.php?rest_route=\/wp\/v2\/posts\/45155","targetHints":{"allow":["GET"]}}],"collection":[{"href":"https:\/\/zonaroja.com.mx\/index.php?rest_route=\/wp\/v2\/posts"}],"about":[{"href":"https:\/\/zonaroja.com.mx\/index.php?rest_route=\/wp\/v2\/types\/post"}],"author":[{"embeddable":true,"href":"https:\/\/zonaroja.com.mx\/index.php?rest_route=\/wp\/v2\/users\/2"}],"replies":[{"embeddable":true,"href":"https:\/\/zonaroja.com.mx\/index.php?rest_route=%2Fwp%2Fv2%2Fcomments&post=45155"}],"version-history":[{"count":1,"href":"https:\/\/zonaroja.com.mx\/index.php?rest_route=\/wp\/v2\/posts\/45155\/revisions"}],"predecessor-version":[{"id":45157,"href":"https:\/\/zonaroja.com.mx\/index.php?rest_route=\/wp\/v2\/posts\/45155\/revisions\/45157"}],"wp:featuredmedia":[{"embeddable":true,"href":"https:\/\/zonaroja.com.mx\/index.php?rest_route=\/wp\/v2\/media\/45156"}],"wp:attachment":[{"href":"https:\/\/zonaroja.com.mx\/index.php?rest_route=%2Fwp%2Fv2%2Fmedia&parent=45155"}],"wp:term":[{"taxonomy":"category","embeddable":true,"href":"https:\/\/zonaroja.com.mx\/index.php?rest_route=%2Fwp%2Fv2%2Fcategories&post=45155"},{"taxonomy":"post_tag","embeddable":true,"href":"https:\/\/zonaroja.com.mx\/index.php?rest_route=%2Fwp%2Fv2%2Ftags&post=45155"}],"curies":[{"name":"wp","href":"https:\/\/api.w.org\/{rel}","templated":true}]}}