{"id":45165,"date":"2022-08-28T15:07:11","date_gmt":"2022-08-28T20:07:11","guid":{"rendered":"http:\/\/www.zonaroja.com.mx\/?p=45165"},"modified":"2022-08-28T15:07:13","modified_gmt":"2022-08-28T20:07:13","slug":"asaltan-en-plaza-comercial-de-la-ciudad-de-oaxaca-y-policias-ausentes","status":"publish","type":"post","link":"https:\/\/zonaroja.com.mx\/?p=45165","title":{"rendered":"Asaltan en plaza comercial de la ciudad de Oaxaca&#8230; y polic\u00edas ausentes"},"content":{"rendered":"\n<p>Ismael Garc\u00eda M.\/Zona Roja.<\/p>\n\n\n\n<p>Oaxaca de Ju\u00e1rez, Oax., a 28 de agosto de 2022.- Sujetos armados asaltaron la ma\u00f1ana de este domingo un local de venta de computadoras, tabletas, celulares y relojes de la marca Apple, en Plaza Mazari, ubicado en la calzada Porfirio D\u00edaz de la colonia Reforma, ciudad de Oaxaca.<\/p>\n\n\n\n<p>Sin embargo, ante la ausencia de polic\u00edas municipales y pese a que el establecimiento se ubica en la segunda planta del edificio, los presuntos delincuentes lograron escapar; a tres cuadras de esa zona abandonaron un veh\u00edculo y presuntamente transbordaron otro, con el que huyeron hacia el poniente de la capital.<\/p>\n\n\n\n<p>Ante la nula respuesta inmediata de la Secretar\u00eda de Seguridad P\u00fablica municipal, que encabeza Ra\u00fal \u00c1vila Ibarra, elementos de la Polic\u00eda Estatal acud\u00edan a la zona; sin embargo dos patrullas, con el n\u00famero econ\u00f3mico 006 y 042, chocaron en el cruce de Emiliano Zapata y Escuela Naval Militar, a dos cuadras del sitio del asalto.<\/p>\n\n\n\n<figure class=\"wp-block-embed is-type-rich is-provider-twitter wp-block-embed-twitter\"><div class=\"wp-block-embed__wrapper\">\n<div class=\"twitter-tweet\"><blockquote class=\"twitter-tweet\" data-lang=\"es\"><p lang=\"es\" dir=\"ltr\"><a href=\"https:\/\/twitter.com\/hashtag\/ENVIVO?src=hash&amp;ref_src=twsrc%5Etfw\">#ENVIVO<\/a> <br>Oaxaca de Ju\u00e1rez, Oax., a 28 de agosto de 2022.- Fuerte choque entre dos patrullas de la <a href=\"https:\/\/twitter.com\/Policia_GobOax?ref_src=twsrc%5Etfw\">@Policia_GobOax<\/a>, Emiliano Zapata y Escuela Naval Militar, colonia Reforma de la ciudad de <a href=\"https:\/\/twitter.com\/hashtag\/Oaxaca?src=hash&amp;ref_src=twsrc%5Etfw\">#Oaxaca<\/a>. Hay al menos seis uniformados lesionados.<br>Transmisi\u00f3n: \ud83d\udc47<a href=\"https:\/\/t.co\/CaOq7stHDD\">https:\/\/t.co\/CaOq7stHDD<\/a> <a href=\"https:\/\/t.co\/FDpB7v8Hyp\">pic.twitter.com\/FDpB7v8Hyp<\/a><\/p>&mdash; Zona Roja Oaxaca (@ZonaRoja_Oaxaca) <a href=\"https:\/\/twitter.com\/ZonaRoja_Oaxaca\/status\/1563928791562567681?ref_src=twsrc%5Etfw\">28 de agosto de 2022<\/a><\/blockquote><\/div>\n<\/div><\/figure>\n\n\n\n<p>Tras allo arribaron param\u00e9dicos y polic\u00edas estatales y viales, adem\u00e1s de la titular de la Secretar\u00eda de Seguridad P\u00fablica estatal, Dalia Ba\u00f1os Noyola, que supervis\u00f3 personalmente la atenci\u00f3n a los lesionados; de manera preliminar se inform\u00f3 que eran seis polic\u00edas los heridos que fueron trasladados al hospital del IMSS.<\/p>\n\n\n\n<p>En tanto, otro grupo de polic\u00edas estatales hall\u00f3 un veh\u00edculo abandonado, color azul, con placas de circulaci\u00f3n TLC-2043, en la calle privada de Tulipanes de la colonia Reforma, a dos cuadras de Plaza Mazari. <\/p>\n\n\n\n<p>Presuntamente en jurisdicci\u00f3n de Trinidad de Viguera habr\u00edan dado alcance a los asaltantes y habr\u00edan detenido a dos, informaci\u00f3n que no ha sido corroborada por la Secretar\u00eda de Seguridad P\u00fablica de Oaxaca.<\/p>\n\n\n\n<figure class=\"wp-block-embed is-type-rich is-provider-twitter wp-block-embed-twitter\"><div class=\"wp-block-embed__wrapper\">\n<div class=\"twitter-tweet\"><blockquote class=\"twitter-tweet\" data-lang=\"es\"><p lang=\"es\" dir=\"ltr\"><a href=\"https:\/\/twitter.com\/hashtag\/%C3%9AltimoMinuto?src=hash&amp;ref_src=twsrc%5Etfw\">#\u00daltimoMinuto<\/a> <br>En la privada de Tulipanes, a escasas cuadras de Plaza Mazari de la colonia Reforma, ciudad de Oaxaca, fue abandonado un veh\u00edculo en que presuntamente se trasladaban los asaltantes de la tienda de c\u00f3mputo. <a href=\"https:\/\/t.co\/TPLm8VCjKy\">pic.twitter.com\/TPLm8VCjKy<\/a><\/p>&mdash; Zona Roja Oaxaca (@ZonaRoja_Oaxaca) <a href=\"https:\/\/twitter.com\/ZonaRoja_Oaxaca\/status\/1563952101134422017?ref_src=twsrc%5Etfw\">28 de agosto de 2022<\/a><\/blockquote><\/div>\n<\/div><\/figure>\n","protected":false},"excerpt":{"rendered":"<p>Ismael Garc\u00eda M.\/Zona Roja. Oaxaca de Ju\u00e1rez, Oax., a 28 de agosto de 2022.- Sujetos&hellip;<\/p>\n","protected":false},"author":2,"featured_media":45166,"comment_status":"closed","ping_status":"open","sticky":false,"template":"","format":"standard","meta":{"_lmt_disableupdate":"","_lmt_disable":"","_jetpack_memberships_contains_paid_content":false,"footnotes":""},"categories":[109,47],"tags":[148],"class_list":["post-45165","post","type-post","status-publish","format-standard","has-post-thumbnail","hentry","category-minuto-a-minuto","category-zona-gris","tag-oaxaca-de-juarez"],"jetpack_featured_media_url":"https:\/\/zonaroja.com.mx\/wp-content\/uploads\/2022\/08\/Asalto-tienda-Plaza-Mazari-ciudad-de-Oaxaca.jpg","jetpack_sharing_enabled":true,"_links":{"self":[{"href":"https:\/\/zonaroja.com.mx\/index.php?rest_route=\/wp\/v2\/posts\/45165","targetHints":{"allow":["GET"]}}],"collection":[{"href":"https:\/\/zonaroja.com.mx\/index.php?rest_route=\/wp\/v2\/posts"}],"about":[{"href":"https:\/\/zonaroja.com.mx\/index.php?rest_route=\/wp\/v2\/types\/post"}],"author":[{"embeddable":true,"href":"https:\/\/zonaroja.com.mx\/index.php?rest_route=\/wp\/v2\/users\/2"}],"replies":[{"embeddable":true,"href":"https:\/\/zonaroja.com.mx\/index.php?rest_route=%2Fwp%2Fv2%2Fcomments&post=45165"}],"version-history":[{"count":1,"href":"https:\/\/zonaroja.com.mx\/index.php?rest_route=\/wp\/v2\/posts\/45165\/revisions"}],"predecessor-version":[{"id":45167,"href":"https:\/\/zonaroja.com.mx\/index.php?rest_route=\/wp\/v2\/posts\/45165\/revisions\/45167"}],"wp:featuredmedia":[{"embeddable":true,"href":"https:\/\/zonaroja.com.mx\/index.php?rest_route=\/wp\/v2\/media\/45166"}],"wp:attachment":[{"href":"https:\/\/zonaroja.com.mx\/index.php?rest_route=%2Fwp%2Fv2%2Fmedia&parent=45165"}],"wp:term":[{"taxonomy":"category","embeddable":true,"href":"https:\/\/zonaroja.com.mx\/index.php?rest_route=%2Fwp%2Fv2%2Fcategories&post=45165"},{"taxonomy":"post_tag","embeddable":true,"href":"https:\/\/zonaroja.com.mx\/index.php?rest_route=%2Fwp%2Fv2%2Ftags&post=45165"}],"curies":[{"name":"wp","href":"https:\/\/api.w.org\/{rel}","templated":true}]}}