{"id":45168,"date":"2022-08-28T15:28:30","date_gmt":"2022-08-28T20:28:30","guid":{"rendered":"http:\/\/www.zonaroja.com.mx\/?p=45168"},"modified":"2022-08-28T15:28:32","modified_gmt":"2022-08-28T20:28:32","slug":"mas-de-29-millones-de-estudiantes-iniciaran-el-ciclo-escolar-este-lunes","status":"publish","type":"post","link":"https:\/\/zonaroja.com.mx\/?p=45168","title":{"rendered":"M\u00e1s de 29 millones de estudiantes iniciar\u00e1n el ciclo escolar este lunes"},"content":{"rendered":"\n<p>Redacci\u00f3n\/Zona Roja Cdmx.<\/p>\n\n\n\n<p>Ciudad de M\u00e9xico, a 28 de agosto de 2022.- Este lunes 29 de agosto&nbsp;alrededor de 29 millones 849 mil 46 estudiantes de escuelas p\u00fablicas y privadas de educaci\u00f3n b\u00e1sica, media superior y normales iniciar\u00e1n de manera presencial el nuevo ciclo escolar 2022-2023, inform\u00f3 la Secretar\u00eda de Educaci\u00f3n P\u00fablica (SEP).&nbsp;<\/p>\n\n\n\n<p>Del total, 24 millones 479 mil 952 son de educaci\u00f3n b\u00e1sica; cinco millones 244 mil 352 de educaci\u00f3n media superior y 124 mil 742 de escuelas normales.&nbsp;<\/p>\n\n\n\n<p>De acuerdo con cifras preliminares, los m\u00e1s de 24 millones de alumnos de educaci\u00f3n b\u00e1sica ser\u00e1n atendidos por un mill\u00f3n 225 mil 580 docentes en 232 mil 966 planteles escolares en todo el pa\u00eds.&nbsp;<\/p>\n\n\n\n<p>En educaci\u00f3n media superior recibir\u00e1n servicios educativos con 419 mil 739 maestros en 21 mil 277 planteles de todos los subsistemas que conforman este tipo educativo. En el caso de las escuelas normales, los estudiantes ser\u00e1n atendidos por 14 mil 28 docentes en 396 escuelas.&nbsp;<\/p>\n\n\n\n<p>En cuanto a la educaci\u00f3n superior, en el ciclo escolar 2022-2023, que inici\u00f3 hace dos semanas, se cuenta con la asistencia a clases de cinco millones 111 mil 750 alumnos en 11 mil 393 planteles en todo el pa\u00eds, donde ofrecen sus servicios 488 mil 977 maestros.&nbsp;<\/p>\n\n\n\n<p>En total, indic\u00f3 la SEP, para este ciclo escolar la matricula preliminar de los tres niveles asciende a 34 millones 960 mil 796 estudiantes, mientras que el personal docente es de dos millones 148 mil 324, quienes dan clases en 266 mil 32 planteles de educaci\u00f3n b\u00e1sica, media superior, superior y normales.&nbsp;<\/p>\n\n\n\n<p>\u201cLa SEP invita a que ni\u00f1os, ni\u00f1as, adolescentes y j\u00f3venes asistan de manera presencial a los planteles, reiterando que existen las condiciones necesarias para su regreso, siempre salvaguardando la salud y el derecho a la educaci\u00f3n\u201d, expres\u00f3 la autoridad.&nbsp;<\/p>\n\n\n\n<p>La dependencia confi\u00f3 en que la matr\u00edcula de alumnos que asistan a clases, en todos los niveles, se incrementar\u00e1 en los primeros d\u00edas del ciclo escolar, gracias a las acciones que lleva a cabo como la campa\u00f1a \u201cVamos todas y todos por la educaci\u00f3n\u201d, para impulsar la convivencia escolar presencial, y motivar a madres y padres a llevar a sus hijas e hijos a continuar con sus aprendizajes.<\/p>\n\n\n\n<p>Para el reinicio a clases presenciales en todas las escuelas, las autoridades del sector Salud y educativas recomendaron las siguientes medidas: &nbsp;<\/p>\n\n\n\n<p>Instalaci\u00f3n de los Comit\u00e9s Participativos de Salud Escolar en cada escuela, para implementar medidas sanitarias y organizar jornadas de limpieza.<\/p>\n\n\n\n<p>Lavado de manos, por lo que las escuelas deben proveer a las y los alumnos de agua y jab\u00f3n, as\u00ed como alcohol en gel.&nbsp;<\/p>\n\n\n\n<p>Espacios ventilados y realizar actividades al aire libre.&nbsp;<\/p>\n\n\n\n<p>Que tanto el personal docente como alumnos cuenten con esquemas completos de vacunaci\u00f3n contra covid-19.&nbsp;<\/p>\n\n\n\n<p>Realizar acciones de apoyo emocional al personal y al alumnado.&nbsp;<\/p>\n\n\n\n<p>Uso de cubrebocas, el cual puede eliminarse cuando se circule al aire libre y al guardar sana distancia.&nbsp;<\/p>\n\n\n\n<p>Detecci\u00f3n temprana de casos y aplicar medidas de contenci\u00f3n, por lo que las personas con s\u00edntomas sospechosos no deben acudir a las escuelas.<\/p>\n\n\n\n<p>(Informaci\u00f3n de \u201cMilenio\u201d)<\/p>\n","protected":false},"excerpt":{"rendered":"<p>Redacci\u00f3n\/Zona Roja Cdmx. Ciudad de M\u00e9xico, a 28 de agosto de 2022.- Este lunes 29&hellip;<\/p>\n","protected":false},"author":2,"featured_media":45162,"comment_status":"closed","ping_status":"open","sticky":false,"template":"","format":"standard","meta":{"_lmt_disableupdate":"","_lmt_disable":"","_jetpack_memberships_contains_paid_content":false,"footnotes":""},"categories":[109,46],"tags":[],"class_list":["post-45168","post","type-post","status-publish","format-standard","has-post-thumbnail","hentry","category-minuto-a-minuto","category-zona-blanca"],"jetpack_featured_media_url":"https:\/\/zonaroja.com.mx\/wp-content\/uploads\/2022\/08\/Clases-plantel-escuelas-ninos-Covid.jpg","jetpack_sharing_enabled":true,"_links":{"self":[{"href":"https:\/\/zonaroja.com.mx\/index.php?rest_route=\/wp\/v2\/posts\/45168","targetHints":{"allow":["GET"]}}],"collection":[{"href":"https:\/\/zonaroja.com.mx\/index.php?rest_route=\/wp\/v2\/posts"}],"about":[{"href":"https:\/\/zonaroja.com.mx\/index.php?rest_route=\/wp\/v2\/types\/post"}],"author":[{"embeddable":true,"href":"https:\/\/zonaroja.com.mx\/index.php?rest_route=\/wp\/v2\/users\/2"}],"replies":[{"embeddable":true,"href":"https:\/\/zonaroja.com.mx\/index.php?rest_route=%2Fwp%2Fv2%2Fcomments&post=45168"}],"version-history":[{"count":1,"href":"https:\/\/zonaroja.com.mx\/index.php?rest_route=\/wp\/v2\/posts\/45168\/revisions"}],"predecessor-version":[{"id":45169,"href":"https:\/\/zonaroja.com.mx\/index.php?rest_route=\/wp\/v2\/posts\/45168\/revisions\/45169"}],"wp:featuredmedia":[{"embeddable":true,"href":"https:\/\/zonaroja.com.mx\/index.php?rest_route=\/wp\/v2\/media\/45162"}],"wp:attachment":[{"href":"https:\/\/zonaroja.com.mx\/index.php?rest_route=%2Fwp%2Fv2%2Fmedia&parent=45168"}],"wp:term":[{"taxonomy":"category","embeddable":true,"href":"https:\/\/zonaroja.com.mx\/index.php?rest_route=%2Fwp%2Fv2%2Fcategories&post=45168"},{"taxonomy":"post_tag","embeddable":true,"href":"https:\/\/zonaroja.com.mx\/index.php?rest_route=%2Fwp%2Fv2%2Ftags&post=45168"}],"curies":[{"name":"wp","href":"https:\/\/api.w.org\/{rel}","templated":true}]}}