{"id":4517,"date":"2019-10-03T15:18:48","date_gmt":"2019-10-03T20:18:48","guid":{"rendered":"https:\/\/www.zonaroja.com.mx\/?p=4517"},"modified":"2019-10-03T15:18:50","modified_gmt":"2019-10-03T20:18:50","slug":"piden-a-gobierno-mexicano-a-dejar-de-simular-y-asumir-la-conservacion-del-maiz-nativo","status":"publish","type":"post","link":"https:\/\/zonaroja.com.mx\/?p=4517","title":{"rendered":"Piden a gobierno mexicano a dejar de simular y asumir la conservaci\u00f3n del ma\u00edz nativo"},"content":{"rendered":"\n<p class=\"p1\">Evlin Arag\u00f3n\/Zona Roja.&nbsp;<\/p>\n\n\n\n<p class=\"p2\">Oaxaca de Ju\u00e1rez, Oax., 3 de octubre de 2019.- Como resultado del Encuentro \u201cMa\u00edz Comunal de Oaxaca para el Mundo\u201d, que se llev\u00f3 a cabo el fin de semana pasado en la capital del estado, las y los participantes hicieron un llamado al gobierno mexicano a dejar de simular que apoya al campo y permitir que sean ind\u00edgenas y campesinos quienes tomen las decisiones para que produzcan sus propios alimentos.<\/p>\n\n\n\n<p class=\"p1\">En este sentido, criticaron las pol\u00edticas p\u00fablicas \u201cpaternalistas\u201d de apoyo al campo mexicano que individualizan la entrega de recursos y propician la desintegraci\u00f3n del tejido comunitario, \u201cvemos al programa \u201cSembrando vida\u201d como la intenci\u00f3n de dividir las tierras de uso com\u00fan para sentar las bases de su futura privatizaci\u00f3n\u201d, se\u00f1alaron.&nbsp;<\/p>\n\n\n\n<p class=\"p1\">As\u00ed mismo, reprocharon la importaci\u00f3n creciente de ma\u00edz transg\u00e9nico la cual ya ha ocasionado graves problemas de contaminaci\u00f3n e incluso la aparici\u00f3n de enfermedades provocadas por el uso intensivo de antibi\u00f3ticos para la crianza de animales en condiciones de hacinamiento.<\/p>\n\n\n\n<p class=\"p1\">Como parte de los resolutivos del encuentro, pidieron a la comunidad cient\u00edfica que act\u00fae con \u00e9tica de respeto a los saberes tradicionales y a la naturaleza ya que recientemente cient\u00edficos norteamericanos patentaron caracter\u00edsticas gen\u00e9ticas derivadas del ma\u00edz olot\u00f3n, que fue sustra\u00eddo de la comunidad mixe de Totontepec y del cual se encuentra documentada su existencia desde la d\u00e9cada de los 50\u2019s del siglo pasado en Guatemala y M\u00e9xico.<\/p>\n\n\n\n<p class=\"p1\">Lo anterior ha sido visto con un agravio para las comunidades ind\u00edgenas que pretende ser validado por ordenamiento internacionales a los cuales se oponen, ya que legitiman el despojo de los recursos gen\u00e9ricos para favorecer empresas trasnacionales menospreciando el hecho de que el ma\u00edz es una creaci\u00f3n mesoamericana que tard\u00f3 miles de a\u00f1os en producirse y que ahora quieren apropiarse para lucrar.<\/p>\n\n\n\n<p class=\"p1\">\u201cCalificamos esta acci\u00f3n como un acto de biopirater\u00eda, y aseveramos que las Universidades de California \u2013 Davis y Wisconsin \u2013 Madison, al servicio de la empresa Mars Inc., no realizaron ning\u00fan descubrimiento y solo pretenden apropiarse de nuestros saberes ancestrales\u201d, cita el documento de resolutivos del encuentro.&nbsp;<\/p>\n\n\n\n<p class=\"p1\">Por lo anterior, invitaron a las comunidades ind\u00edgenas y campesinas a seguir practicando la comunalidad como una forma de vida, a sembrar las semillas propias y utilizar t\u00e9cnicas ancestrales y agroecol\u00f3gicas para la producci\u00f3n de sus alimentos.&nbsp;<\/p>\n\n\n\n<p class=\"p1\">\u201cLa libre determinaci\u00f3n de nuestros pueblos solo ser\u00e1 posible en la medida que hagamos posible la soberan\u00eda alimentaria. Para nuestros pueblos el ejercicio de la pol\u00edtica va m\u00e1s all\u00e1 de participar en una elecci\u00f3n, llev\u00e9moslo a la pr\u00e1ctica mediante la siembra de nuestras semillas y el consumo de los alimentos que de ellas provengan\u201d.<\/p>\n\n\n\n<p class=\"p1\">Recordaron que el ma\u00edz comunal es una forma de vida en Oaxaca por lo que se declararon conservadores de las semillas que el planeta necesita para sortear los problemas ambientales que ya existen y con ello conservar la vida.<br class=\"Apple-interchange-newline\" \/><\/p>\n\n\n\n<p><\/p>\n","protected":false},"excerpt":{"rendered":"<p>Evlin Arag\u00f3n\/Zona Roja.&nbsp; Oaxaca de Ju\u00e1rez, Oax., 3 de octubre de 2019.- Como resultado del&hellip;<\/p>\n","protected":false},"author":2,"featured_media":4346,"comment_status":"closed","ping_status":"open","sticky":false,"template":"","format":"standard","meta":{"_lmt_disableupdate":"","_lmt_disable":"","_jetpack_memberships_contains_paid_content":false,"footnotes":""},"categories":[1],"tags":[],"class_list":["post-4517","post","type-post","status-publish","format-standard","has-post-thumbnail","hentry","category-sin-categoria"],"jetpack_featured_media_url":"https:\/\/zonaroja.com.mx\/wp-content\/uploads\/2019\/09\/PHOTO-2019-09-27-17-51-41.jpg","jetpack_sharing_enabled":true,"_links":{"self":[{"href":"https:\/\/zonaroja.com.mx\/index.php?rest_route=\/wp\/v2\/posts\/4517","targetHints":{"allow":["GET"]}}],"collection":[{"href":"https:\/\/zonaroja.com.mx\/index.php?rest_route=\/wp\/v2\/posts"}],"about":[{"href":"https:\/\/zonaroja.com.mx\/index.php?rest_route=\/wp\/v2\/types\/post"}],"author":[{"embeddable":true,"href":"https:\/\/zonaroja.com.mx\/index.php?rest_route=\/wp\/v2\/users\/2"}],"replies":[{"embeddable":true,"href":"https:\/\/zonaroja.com.mx\/index.php?rest_route=%2Fwp%2Fv2%2Fcomments&post=4517"}],"version-history":[{"count":1,"href":"https:\/\/zonaroja.com.mx\/index.php?rest_route=\/wp\/v2\/posts\/4517\/revisions"}],"predecessor-version":[{"id":4518,"href":"https:\/\/zonaroja.com.mx\/index.php?rest_route=\/wp\/v2\/posts\/4517\/revisions\/4518"}],"wp:featuredmedia":[{"embeddable":true,"href":"https:\/\/zonaroja.com.mx\/index.php?rest_route=\/wp\/v2\/media\/4346"}],"wp:attachment":[{"href":"https:\/\/zonaroja.com.mx\/index.php?rest_route=%2Fwp%2Fv2%2Fmedia&parent=4517"}],"wp:term":[{"taxonomy":"category","embeddable":true,"href":"https:\/\/zonaroja.com.mx\/index.php?rest_route=%2Fwp%2Fv2%2Fcategories&post=4517"},{"taxonomy":"post_tag","embeddable":true,"href":"https:\/\/zonaroja.com.mx\/index.php?rest_route=%2Fwp%2Fv2%2Ftags&post=4517"}],"curies":[{"name":"wp","href":"https:\/\/api.w.org\/{rel}","templated":true}]}}