{"id":45170,"date":"2022-08-28T20:13:01","date_gmt":"2022-08-29T01:13:01","guid":{"rendered":"http:\/\/www.zonaroja.com.mx\/?p=45170"},"modified":"2022-08-28T20:13:02","modified_gmt":"2022-08-29T01:13:02","slug":"incesante-violencia-en-juchitan-ejecutan-a-dos-entre-ellos-un-policia","status":"publish","type":"post","link":"https:\/\/zonaroja.com.mx\/?p=45170","title":{"rendered":"Incesante violencia en Juchit\u00e1n: ejecutan a dos, entre ellos un polic\u00eda"},"content":{"rendered":"\n<p>Redacci\u00f3n\/Zona Roja.<\/p>\n\n\n\n<p>Oaxaca de Ju\u00e1rez, Oax., a 28 de agosto de 2022.- Dos personas, entre ellas un polic\u00eda, fueron ejecutadas la tarde de hoy en jurisdicci\u00f3n de Juchit\u00e1n de Zaragoza, en la regi\u00f3n del Istmo.<\/p>\n\n\n\n<p>Ambos fueron ultimados a balazos en un coche tipo Aveo, marca Chevrolet, color gris, en el tramo carretero entre Juchit\u00e1n y Santo Domingo Tehuantepec, cerca del canal pluvial n\u00famero 33.<\/p>\n\n\n\n<p>Las v\u00edctimas fueron identificadas como Jairo A. M., quien era polic\u00eda municipal de Juchit\u00e1n pero este domingo se hallaba en descanso, as\u00ed como Noel S.<\/p>\n\n\n\n<p>Presuntamente el ataque iba directo contra el uniformado pero tambi\u00e9n ejecutaron a su acompa\u00f1ante para no dejar testigos de los hechos.<\/p>\n\n\n\n<p>Personal de la polic\u00eda municipal lleg\u00f3 tarde al lugar del doble homicidio y emprendi\u00f3 patrullajes de b\u00fasqueda, pero sin \u00e9xito alguno. Mientras que personal de la Vicefiscal\u00eda Regional del Istmo inici\u00f3 las indagatorias correspondientes.<\/p>\n","protected":false},"excerpt":{"rendered":"<p>Redacci\u00f3n\/Zona Roja. Oaxaca de Ju\u00e1rez, Oax., a 28 de agosto de 2022.- Dos personas, entre&hellip;<\/p>\n","protected":false},"author":2,"featured_media":44226,"comment_status":"closed","ping_status":"open","sticky":false,"template":"","format":"standard","meta":{"_lmt_disableupdate":"","_lmt_disable":"","_jetpack_memberships_contains_paid_content":false,"footnotes":""},"categories":[109,51],"tags":[123],"class_list":["post-45170","post","type-post","status-publish","format-standard","has-post-thumbnail","hentry","category-minuto-a-minuto","category-zona-roja","tag-juchitan-de-zaragoza"],"jetpack_featured_media_url":"https:\/\/zonaroja.com.mx\/wp-content\/uploads\/2022\/08\/Policias-sirenas-inseguridad-violencia-escena-crimen.png","jetpack_sharing_enabled":true,"_links":{"self":[{"href":"https:\/\/zonaroja.com.mx\/index.php?rest_route=\/wp\/v2\/posts\/45170","targetHints":{"allow":["GET"]}}],"collection":[{"href":"https:\/\/zonaroja.com.mx\/index.php?rest_route=\/wp\/v2\/posts"}],"about":[{"href":"https:\/\/zonaroja.com.mx\/index.php?rest_route=\/wp\/v2\/types\/post"}],"author":[{"embeddable":true,"href":"https:\/\/zonaroja.com.mx\/index.php?rest_route=\/wp\/v2\/users\/2"}],"replies":[{"embeddable":true,"href":"https:\/\/zonaroja.com.mx\/index.php?rest_route=%2Fwp%2Fv2%2Fcomments&post=45170"}],"version-history":[{"count":1,"href":"https:\/\/zonaroja.com.mx\/index.php?rest_route=\/wp\/v2\/posts\/45170\/revisions"}],"predecessor-version":[{"id":45171,"href":"https:\/\/zonaroja.com.mx\/index.php?rest_route=\/wp\/v2\/posts\/45170\/revisions\/45171"}],"wp:featuredmedia":[{"embeddable":true,"href":"https:\/\/zonaroja.com.mx\/index.php?rest_route=\/wp\/v2\/media\/44226"}],"wp:attachment":[{"href":"https:\/\/zonaroja.com.mx\/index.php?rest_route=%2Fwp%2Fv2%2Fmedia&parent=45170"}],"wp:term":[{"taxonomy":"category","embeddable":true,"href":"https:\/\/zonaroja.com.mx\/index.php?rest_route=%2Fwp%2Fv2%2Fcategories&post=45170"},{"taxonomy":"post_tag","embeddable":true,"href":"https:\/\/zonaroja.com.mx\/index.php?rest_route=%2Fwp%2Fv2%2Ftags&post=45170"}],"curies":[{"name":"wp","href":"https:\/\/api.w.org\/{rel}","templated":true}]}}