{"id":45173,"date":"2022-08-29T06:12:20","date_gmt":"2022-08-29T11:12:20","guid":{"rendered":"http:\/\/www.zonaroja.com.mx\/?p=45173"},"modified":"2022-08-29T06:12:21","modified_gmt":"2022-08-29T11:12:21","slug":"registra-minima-reduccion-de-covid-en-ultima-semana-221-contagios-diarios","status":"publish","type":"post","link":"https:\/\/zonaroja.com.mx\/?p=45173","title":{"rendered":"Registra m\u00ednima reducci\u00f3n de Covid; en \u00faltima semana, 221 contagios diarios"},"content":{"rendered":"\n<p>Redacci\u00f3n\/Zona Roja.<\/p>\n\n\n\n<p>Oaxaca de Ju\u00e1rez, Oax., a 29 de agosto de 2022.- En la \u00faltima semana se registraron un promedio de 221 contagios de Covid diario, as\u00ed como menos de un deceso.<\/p>\n\n\n\n<p>Anoche, la dependencia Servicios de Salud de Oaxaca (SSO) inform\u00f3 que del per\u00edodo comprendido del 21 al 27 de agosto, se registr\u00f3 un acumulado 147 mil 758 casos confirmados del virus SARS-CoV-2.<\/p>\n\n\n\n<p>En un comunicado, detall\u00f3 que mil 547 se contabilizaron en estos \u00faltimos siete d\u00edas, lo que significa que hubo una reducci\u00f3n del 7.08% respecto a la semana anterior.<\/p>\n\n\n\n<p>Sostuvo que el global de defunciones desde el inicio de la pandemia a la fecha es de seis mil 315, mientras que, en el per\u00edodo que se informa se notificaron cinco lamentables decesos a causa de esta patolog\u00eda respiratoria y el promedio de ocupaci\u00f3n hospitalaria fue de 17.5%.<\/p>\n\n\n\n<p>Refiri\u00f3 que es necesario continuar con el fortalecimiento y promoviendo las pr\u00e1cticas de higiene con disciplina y responsabilidad, como el uso correcto del cubrebocas, el lavado de manos frecuente con agua y jab\u00f3n o con soluciones alcoholadas al 70%, mantener la sana distancia, as\u00ed como priorizar lugares abiertos y con buena ventilaci\u00f3n.<\/p>\n\n\n\n<p>Indic\u00f3 que dichas medidas establecidas tienen el objetivo de conservar las acciones preventivas para evitar posibles contagios, sin embargo, tambi\u00e9n es importante que las personas se vacunen cuando les corresponda de acuerdo a los grupos de edad; las vacunas disminuyen el riesgo de enfermar gravemente o morir.<\/p>\n\n\n\n<p>Para un retorno a nuestras actividades cotidianas y ante el inicio del ciclo escolar 2022-2023 de forma segura \u201cno debemos bajar la guardia, sigamos protegi\u00e9ndonos, prioricemos nuestra salud y la de nuestra familia\u201d, remarc\u00f3.<\/p>\n","protected":false},"excerpt":{"rendered":"<p>Redacci\u00f3n\/Zona Roja. Oaxaca de Ju\u00e1rez, Oax., a 29 de agosto de 2022.- En la \u00faltima&hellip;<\/p>\n","protected":false},"author":2,"featured_media":45174,"comment_status":"closed","ping_status":"open","sticky":false,"template":"","format":"standard","meta":{"_lmt_disableupdate":"","_lmt_disable":"","_jetpack_memberships_contains_paid_content":false,"footnotes":""},"categories":[109,47],"tags":[1512],"class_list":["post-45173","post","type-post","status-publish","format-standard","has-post-thumbnail","hentry","category-minuto-a-minuto","category-zona-gris","tag-coronavirus-oaxaca"],"jetpack_featured_media_url":"https:\/\/zonaroja.com.mx\/wp-content\/uploads\/2022\/08\/Gente-Covid-centro-ciudad-de-Oaxaca.jpg","jetpack_sharing_enabled":true,"_links":{"self":[{"href":"https:\/\/zonaroja.com.mx\/index.php?rest_route=\/wp\/v2\/posts\/45173","targetHints":{"allow":["GET"]}}],"collection":[{"href":"https:\/\/zonaroja.com.mx\/index.php?rest_route=\/wp\/v2\/posts"}],"about":[{"href":"https:\/\/zonaroja.com.mx\/index.php?rest_route=\/wp\/v2\/types\/post"}],"author":[{"embeddable":true,"href":"https:\/\/zonaroja.com.mx\/index.php?rest_route=\/wp\/v2\/users\/2"}],"replies":[{"embeddable":true,"href":"https:\/\/zonaroja.com.mx\/index.php?rest_route=%2Fwp%2Fv2%2Fcomments&post=45173"}],"version-history":[{"count":1,"href":"https:\/\/zonaroja.com.mx\/index.php?rest_route=\/wp\/v2\/posts\/45173\/revisions"}],"predecessor-version":[{"id":45175,"href":"https:\/\/zonaroja.com.mx\/index.php?rest_route=\/wp\/v2\/posts\/45173\/revisions\/45175"}],"wp:featuredmedia":[{"embeddable":true,"href":"https:\/\/zonaroja.com.mx\/index.php?rest_route=\/wp\/v2\/media\/45174"}],"wp:attachment":[{"href":"https:\/\/zonaroja.com.mx\/index.php?rest_route=%2Fwp%2Fv2%2Fmedia&parent=45173"}],"wp:term":[{"taxonomy":"category","embeddable":true,"href":"https:\/\/zonaroja.com.mx\/index.php?rest_route=%2Fwp%2Fv2%2Fcategories&post=45173"},{"taxonomy":"post_tag","embeddable":true,"href":"https:\/\/zonaroja.com.mx\/index.php?rest_route=%2Fwp%2Fv2%2Ftags&post=45173"}],"curies":[{"name":"wp","href":"https:\/\/api.w.org\/{rel}","templated":true}]}}