{"id":45182,"date":"2022-08-29T07:30:32","date_gmt":"2022-08-29T12:30:32","guid":{"rendered":"http:\/\/www.zonaroja.com.mx\/?p=45182"},"modified":"2022-08-29T07:30:34","modified_gmt":"2022-08-29T12:30:34","slug":"lluvias-en-oaxaca-dejan-una-mujer-y-una-menor-de-edad-muertas","status":"publish","type":"post","link":"https:\/\/zonaroja.com.mx\/?p=45182","title":{"rendered":"Lluvias en Oaxaca dejan una mujer y una menor de edad muertas"},"content":{"rendered":"\n<p>Ismael Garc\u00eda M.\/Zona Roja.<\/p>\n\n\n\n<p>Oaxaca de Ju\u00e1rez, Oax., a 29 de julio de 2022.- Una mujer y su hija menor de edad murieron la madrugada de hoy ahogadas, tras ser arrastradas por un r\u00edo crecido a causa de las lluvias, en San Felipe Tejal\u00e1pam, Etla, Oaxaca.<\/p>\n\n\n\n<p>De acuerdo con informes preliminares de las autoridades municipales, alrededor de la una de la ma\u00f1ana y ante la probable inundaci\u00f3n de su vivienda, las dos mujeres pretendieron cruzar un arroyo, pero la crecida los arrastr\u00f3.<\/p>\n\n\n\n<p>Polic\u00edas municipales y pobladores de ese municipio de la regi\u00f3n Valles Centrales iniciaron la b\u00fasqueda y fue alrededor de las cinco de la ma\u00f1ana en que localizaron los cuerpos; las v\u00edctimas a\u00fan no han sido identificadas.<\/p>\n\n\n\n<p>Las intensas lluvias, generadas por diversos fen\u00f3menos hidrometeorol\u00f3gicos comenzaron ayer por la tarde y se extendieron durante toda la noche en diversas regiones del estado, principalmente en el Valle Central.<\/p>\n\n\n\n<p>En diversos sitios se reportaron inundaciones, ca\u00edda de \u00e1rboles y cierre de vialidades; en la zona sur de la capital, municipios como \u00c1nimas Trajano, Santa Mar\u00eda y San Bartolo Coyotepec, registraron anegamientos; incluso el agua ingres\u00f3 al cuartel de la Polic\u00eda Estatal, en Coyotepec.<\/p>\n\n\n\n<p>Sin embargo, a m\u00e1s de 12 horas de la intensa precipitaci\u00f3n pluvial, la Coordinaci\u00f3n Estatal de Protecci\u00f3n Civil no tiene ninguna informaci\u00f3n respecto a los da\u00f1os. <\/p>\n","protected":false},"excerpt":{"rendered":"<p>Ismael Garc\u00eda M.\/Zona Roja. Oaxaca de Ju\u00e1rez, Oax., a 29 de julio de 2022.- Una&hellip;<\/p>\n","protected":false},"author":2,"featured_media":45183,"comment_status":"closed","ping_status":"open","sticky":false,"template":"","format":"standard","meta":{"_lmt_disableupdate":"","_lmt_disable":"","_jetpack_memberships_contains_paid_content":false,"footnotes":""},"categories":[109,51],"tags":[1606],"class_list":["post-45182","post","type-post","status-publish","format-standard","has-post-thumbnail","hentry","category-minuto-a-minuto","category-zona-roja","tag-san-felipe-tejalapam"],"jetpack_featured_media_url":"https:\/\/zonaroja.com.mx\/wp-content\/uploads\/2022\/08\/San-Felipe-Tejalapam.jpeg","jetpack_sharing_enabled":true,"_links":{"self":[{"href":"https:\/\/zonaroja.com.mx\/index.php?rest_route=\/wp\/v2\/posts\/45182","targetHints":{"allow":["GET"]}}],"collection":[{"href":"https:\/\/zonaroja.com.mx\/index.php?rest_route=\/wp\/v2\/posts"}],"about":[{"href":"https:\/\/zonaroja.com.mx\/index.php?rest_route=\/wp\/v2\/types\/post"}],"author":[{"embeddable":true,"href":"https:\/\/zonaroja.com.mx\/index.php?rest_route=\/wp\/v2\/users\/2"}],"replies":[{"embeddable":true,"href":"https:\/\/zonaroja.com.mx\/index.php?rest_route=%2Fwp%2Fv2%2Fcomments&post=45182"}],"version-history":[{"count":1,"href":"https:\/\/zonaroja.com.mx\/index.php?rest_route=\/wp\/v2\/posts\/45182\/revisions"}],"predecessor-version":[{"id":45184,"href":"https:\/\/zonaroja.com.mx\/index.php?rest_route=\/wp\/v2\/posts\/45182\/revisions\/45184"}],"wp:featuredmedia":[{"embeddable":true,"href":"https:\/\/zonaroja.com.mx\/index.php?rest_route=\/wp\/v2\/media\/45183"}],"wp:attachment":[{"href":"https:\/\/zonaroja.com.mx\/index.php?rest_route=%2Fwp%2Fv2%2Fmedia&parent=45182"}],"wp:term":[{"taxonomy":"category","embeddable":true,"href":"https:\/\/zonaroja.com.mx\/index.php?rest_route=%2Fwp%2Fv2%2Fcategories&post=45182"},{"taxonomy":"post_tag","embeddable":true,"href":"https:\/\/zonaroja.com.mx\/index.php?rest_route=%2Fwp%2Fv2%2Ftags&post=45182"}],"curies":[{"name":"wp","href":"https:\/\/api.w.org\/{rel}","templated":true}]}}