{"id":45185,"date":"2022-08-29T08:09:13","date_gmt":"2022-08-29T13:09:13","guid":{"rendered":"http:\/\/www.zonaroja.com.mx\/?p=45185"},"modified":"2022-08-29T08:09:14","modified_gmt":"2022-08-29T13:09:14","slug":"morena-oaxaca-ya-es-patrimonio-familiar-de-salomon-jara","status":"publish","type":"post","link":"https:\/\/zonaroja.com.mx\/?p=45185","title":{"rendered":"Morena Oaxaca ya es patrimonio familiar de Salom\u00f3n Jara"},"content":{"rendered":"\n<p>Ismael Garc\u00eda M.\/Zona Roja.<\/p>\n\n\n\n<p>Oaxaca de Ju\u00e1rez, Oax., a 29 de agosto de 2022.- A partir del 1 de diciembre me quitar\u00e9 la playera de Morena y me pondr\u00e9 la de Oaxaca.&nbsp;<\/p>\n\n\n\n<p>\u201cNo me voy a meter en la vida del PRI ni del PAN ni del PRD ni de Morena, cada quien har\u00e1 su trabajo\u201d.<\/p>\n\n\n\n<p>Eso dijo Salom\u00f3n Jara Cruz el pasado s\u00e1bado 27 de agosto, al acudir a la presentaci\u00f3n de la nueva dirigencia estatal del Partido Movimiento de Regeneraci\u00f3n Nacional.<\/p>\n\n\n\n<p>Y no, efectivamente, el gobernador electo no se meter\u00e1 m\u00e1s en cuestiones partidistas de Morena\u2026porque ya lo convirti\u00f3 en su patrimonio familiar y pr\u00e1cticamente en herencia de sus hermanos, hijos, nuera, sobrinos y dem\u00e1s parientes.<\/p>\n\n\n\n<p>S\u00ed, lo que tanto ha criticado de otros partidos, como el PRI y el PRD, ya lo hizo el pr\u00f3ximo mandatario, primero para maniobrar y alentar reyertas en el proceso de elecci\u00f3n de consejeros, en que impuso a muchos de sus parientes, y luego en la conformaci\u00f3n del comit\u00e9 ejecutivo estatal.<\/p>\n\n\n\n<p>A casi un trimestre de asumir el mando del estado, el gobernador electo ya coloc\u00f3 todas sus piezas familiares el instituto pol\u00edtico; liquid\u00f3 a todos sus oponentes pol\u00edticos internos; se prepara ahora a asumir un gobierno de cuotas y de cuates, con sus hermanos No\u00e9 y Amador a la cabeza.<\/p>\n\n\n\n<p>COMIT\u00c9 A MODO<\/p>\n\n\n\n<p>El anterior presidente del partido en Oaxaca era Sesul Bola\u00f1os L\u00f3pez, sobrino de Jara Cruz, pero \u00e9ste se le rebel\u00f3 durante el reparto de diputaciones locales e incluso circul\u00f3 profusamente un audio en que el hoy legislador local pr\u00e1cticamente insultaba al secretario particular de Jara.<\/p>\n\n\n\n<p>Con m\u00faltiples movimientos y usando los estatutos a su modo, Salom\u00f3n Jara maniobr\u00f3 y dej\u00f3 a su secretario particular, Benjam\u00edn Viveros Montalvo, como encargado de la presidencia del partido; la imposici\u00f3n en el mismo cargo se formaliz\u00f3 el pasado s\u00e1bado, en una sesi\u00f3n de consejeros tambi\u00e9n a modo.<\/p>\n\n\n\n<p>Pero lo que m\u00e1s llama la atenci\u00f3n es que haya designado como secretario de Organizaci\u00f3n del partido a su hijo, Shabin Mois\u00e9s Jara Bola\u00f1os y a su sobrino Emanuel Navarro Jara como secretario de Formaci\u00f3n y Capacitaci\u00f3n Pol\u00edtica, mientras que a su nuera Lizzet Arroyo, la coloc\u00f3 como secretaria de las Mujeres.<\/p>\n\n\n\n<p>Otra persona de su entera confianza, Luisa Cort\u00e9s Carrillo, quien fue la primera dirigente estatal del partido, ahora fue impuesta como presidenta del consejo estatal de Morena.<\/p>\n\n\n\n<p>En la Secretar\u00eda de Finanzas puso a otro de sus allegados, Julia Gabriela, de su extrema confianza, para tener control absoluto del dinero, que son muchos millones de pesos, tan s\u00f3lo de prerrogativas partidistas.<\/p>\n\n\n\n<p>\u201cSOBERANA\u201d CR\u00cdTICA<\/p>\n\n\n\n<p>Desde hace poco m\u00e1s de dos meses, tras el triunfo del hoy gobernador electo, personas allegadas a Salom\u00f3n Jara Cruz financian una publicaci\u00f3n digital denominada \u201cEl Soberano\u201d, en el que se alaba a los buenos y se critica a los malos\u2026 que apoyaron el triunfo el pasado 6 de junio.<\/p>\n\n\n\n<p>As\u00ed, en uno de esos ejemplares que s\u00f3lo circulan en redes sociales -y que a partir de diciembre, una vez que haya presupuesto gubernamental, ser\u00e1 impreso y se distribuir\u00e1 en todo el estado- se critic\u00f3 al PRI, por ser un partido patrimonial, de familias y apellidos.<\/p>\n\n\n\n<p>\u201cRetrato de familia\u201d, se titul\u00f3 la portada de la edici\u00f3n n\u00famero nueve, del 22 de agosto, en que en pocas palabras, se\u00f1alaba apellidos de prosapia que se apoderaron del tricolor y se repartieron cargos (en ese ejemplar, se critica por cierto a Samuel Gurri\u00f3n Mat\u00edas, a quien llama advenedizo, pese a que particip\u00f3, aunque poco contribuy\u00f3, en las elecciones gubernamentales pasadas).<\/p>\n\n\n\n<p>\u201cLas relaciones de sangre han jugado un papel importante en la \u2018herencia\u2019 de los puestos en los diferentes niveles de gobierno en Oaxaca, por l\u00edo que el poder se ha concentrado en unos pocos, pero \u00bfcu\u00e1les son las implicaciones\u201d, plantea la publicaci\u00f3n.<\/p>\n\n\n\n<p>En seguida habla de los hermanos Alejo Torres (con escasa presencia en el gobierno, por cierto), de los hijos de Irma Pi\u00f1eyro (con apenas dos puestos en el gobierno), de Eviel P\u00e9rez Maga\u00f1a y su hija, de Javier Villaca\u00f1a, su hija y su hermano.<\/p>\n\n\n\n<p>De Jorge Gonz\u00e1lez Ilescas, del panista-priista Luis de Guadalupe Mart\u00ednez, de Di\u00f3doro Carrasco (con nula presencia ahora en Oaxaca), de Abraham Mart\u00ednez Alav\u00e9s, que s\u00f3lo tiene presencia en la UABJO\u2026&nbsp;<\/p>\n\n\n\n<p>Pero no se meti\u00f3 con los ex gobernadores o el gobernador actual, Alejandro Murat, cuyo padre ya fue gobernador y su hermano Eduardo es senador suplente. O de Heladlo Ram\u00edrez L\u00f3pez, por ejemplo, cuyo hijo es alto funcionario del gobierno de Andr\u00e9s Manuel L\u00f3pez Obrador.&nbsp;<\/p>\n\n\n\n<p>HASTA EN CONSEJEROS<\/p>\n\n\n\n<p>El pasado 30 de julio se efectu\u00f3 la renovaci\u00f3n de 300 consejeros nacionales de Morena en igual n\u00famero de distritos del pa\u00eds.<\/p>\n\n\n\n<p>El caso de Oaxaca -como de varias entidades- la violencia, el acarreo y la compra de votos estuvo presente en m\u00faltiples sitios; plagada de irregularidades, pr\u00e1cticamente no hubo reposici\u00f3n, como se dec\u00eda, de asambleas.<\/p>\n\n\n\n<p>Grupos ligados con los Jara -en particular sus hermanos No\u00e9 y Amador- hicieron todo por imponer a sus tribus, es decir parentela, y financieros de las campa\u00f1as pol\u00edticas. M\u00e1s de un mes despu\u00e9s, una vez que se cuadraron cifras y se conciliaron intereses, se dieron a conocer los nombres.<\/p>\n\n\n\n<p>Y hubo sorpresas, pero por los nombres de m\u00faltiples allegados al gobernador electo que quedaron como consejeros electos, y quienes tendr\u00e1n la posibilidad y la capacidad de incidir en las pr\u00f3ximas candidaturas de cargos partidistas que se disputar\u00e1n.<\/p>\n\n\n\n<p>En Tuxtepec, por ejemplo, la diputada Laura Estrada impuso a su sobrina Irma Morales Mauro; en Teotitl\u00e1n de Flores Mag\u00f3n, Benjam\u00edn Viveros, actual dirigente del partido; en Tlacolula, Shabin Mois\u00e9s Jara Bola\u00f1os, hijo de Salom\u00f3n Jara, y su sobrino Emanuel Navarro Jara.<\/p>\n\n\n\n<p>En Salina Cruz, C\u00e9sar Octavio Morales Toledo, hermano de Antonino Morales Toledo, brazo fuerte de Jara; en Mat\u00edas Romero, Alejandra Sara\u00ed Ventura, a quien se vincula con el mandatario electo y es hija de la presidenta municipal Obdulia Garc\u00eda.<\/p>\n\n\n\n<p>En Oaxaca de Ju\u00e1rez, Lizzet Arroyo, diputada local; Bxido Xishe Jara Bola\u00f1os, hija del gobernador electo; Diego Faustino Navarro Jara, tambi\u00e9n sobrino del gobernador, adem\u00e1s de No\u00e9 Jara Cruz.<\/p>\n\n\n\n<p>En Miahuatl\u00e1n fueron designados Saymi Pineda y su hermana Karina Danae Pineda; Luisa Cort\u00e9s Carrillo, actual presidenta del consejo estatal.<\/p>\n\n\n\n<p>\u00bfOFENSAS GRATUITAS?<\/p>\n\n\n\n<p>Evidentemente que Salom\u00f3n Jara y sus hermanos y dem\u00e1s familiares no son todo Morena. Para imponer a toda su parentela, hubo que lastimar diversos intereses pol\u00edticos internos, que tarde o temprano le cobrar\u00e1n la factura.<\/p>\n\n\n\n<p>Perredistas de anta\u00f1o, hoy morenistas, consideran tambi\u00e9n como su patrimonio el partido y lo disputar\u00e1n de m\u00faltiples formas.<\/p>\n\n\n\n<p>De hecho, las primeras divisiones y dimisiones hacia la Cuarta Transformaci\u00f3n vendr\u00e1n del Partido del Trabajo y del PVEM, habida cuenta que Salom\u00f3n Jara los desechar\u00e1 ya pol\u00edticamente, una vez que les sirvieron, para poco, en las elecciones pasadas.<\/p>\n\n\n\n<p>El grupo de los Sosa Villavicencio tampoco se quedar\u00e1 de brazos cruzados y por lo pronto contin\u00faa con su tr\u00e1mite ante instancias electorales federales para que cinco de sus diputados conformen la bancada, llamada de la Cuarta Transformaci\u00f3n, y con ello, literalmente le har\u00e1n un hoyo en el Congreso.<\/p>\n\n\n\n<p>Y los priistas que a\u00fan son gobierno inventan a diestra y siniestra organizaciones sociales, para usarlas como ariete el pr\u00f3ximo sexenio\u2026 y para unirse a los inconformes que comienzan a acumularse al gobernador electo.<\/p>\n\n\n\n<p>\u00abCada partido pol\u00edtico har\u00e1 su actividad y yo har\u00e9 el trabajo de gobierno. Hasta ahorita todav\u00eda tengo la playera de Morena, pero a partir del 1 de diciembre me voy a quitar la playera de Morena y, aunque mis compa\u00f1eras y compa\u00f1eros se encelen, ahora me voy a poner la playera de Oaxaca y voy a gobernar para todos\u00bb, dijo el mandatario electo. Pero del dicho al hecho, hay mucho trecho.<\/p>\n","protected":false},"excerpt":{"rendered":"<p>Ismael Garc\u00eda M.\/Zona Roja. Oaxaca de Ju\u00e1rez, Oax., a 29 de agosto de 2022.- A&hellip;<\/p>\n","protected":false},"author":2,"featured_media":41735,"comment_status":"closed","ping_status":"open","sticky":false,"template":"","format":"standard","meta":{"_lmt_disableupdate":"","_lmt_disable":"","_jetpack_memberships_contains_paid_content":false,"footnotes":""},"categories":[456,109,48],"tags":[1353],"class_list":["post-45185","post","type-post","status-publish","format-standard","has-post-thumbnail","hentry","category-columna","category-minuto-a-minuto","category-zona-critica","tag-opinion-zona-critica"],"jetpack_featured_media_url":"https:\/\/zonaroja.com.mx\/wp-content\/uploads\/2022\/05\/Opinion-Ismael-Garcia-M.jpg","jetpack_sharing_enabled":true,"_links":{"self":[{"href":"https:\/\/zonaroja.com.mx\/index.php?rest_route=\/wp\/v2\/posts\/45185","targetHints":{"allow":["GET"]}}],"collection":[{"href":"https:\/\/zonaroja.com.mx\/index.php?rest_route=\/wp\/v2\/posts"}],"about":[{"href":"https:\/\/zonaroja.com.mx\/index.php?rest_route=\/wp\/v2\/types\/post"}],"author":[{"embeddable":true,"href":"https:\/\/zonaroja.com.mx\/index.php?rest_route=\/wp\/v2\/users\/2"}],"replies":[{"embeddable":true,"href":"https:\/\/zonaroja.com.mx\/index.php?rest_route=%2Fwp%2Fv2%2Fcomments&post=45185"}],"version-history":[{"count":1,"href":"https:\/\/zonaroja.com.mx\/index.php?rest_route=\/wp\/v2\/posts\/45185\/revisions"}],"predecessor-version":[{"id":45186,"href":"https:\/\/zonaroja.com.mx\/index.php?rest_route=\/wp\/v2\/posts\/45185\/revisions\/45186"}],"wp:featuredmedia":[{"embeddable":true,"href":"https:\/\/zonaroja.com.mx\/index.php?rest_route=\/wp\/v2\/media\/41735"}],"wp:attachment":[{"href":"https:\/\/zonaroja.com.mx\/index.php?rest_route=%2Fwp%2Fv2%2Fmedia&parent=45185"}],"wp:term":[{"taxonomy":"category","embeddable":true,"href":"https:\/\/zonaroja.com.mx\/index.php?rest_route=%2Fwp%2Fv2%2Fcategories&post=45185"},{"taxonomy":"post_tag","embeddable":true,"href":"https:\/\/zonaroja.com.mx\/index.php?rest_route=%2Fwp%2Fv2%2Ftags&post=45185"}],"curies":[{"name":"wp","href":"https:\/\/api.w.org\/{rel}","templated":true}]}}