{"id":45187,"date":"2022-08-29T08:21:38","date_gmt":"2022-08-29T13:21:38","guid":{"rendered":"http:\/\/www.zonaroja.com.mx\/?p=45187"},"modified":"2022-08-29T08:21:39","modified_gmt":"2022-08-29T13:21:39","slug":"determina-asamblea-de-san-bartolo-coyotepec-expulsar-a-refresquera-gugar","status":"publish","type":"post","link":"https:\/\/zonaroja.com.mx\/?p=45187","title":{"rendered":"Determina asamblea de San Bartolo Coyotepec expulsar a refresquera Gugar"},"content":{"rendered":"\n<p>Redacci\u00f3n\/Zona Roja.<\/p>\n\n\n\n<p>Oaxaca de Ju\u00e1rez, Oax., a 29 de agosto de 2022.- Integrantes de la asamblea comunitaria de San Bartolo Coyotepec, acordaron ayer expulsar a la empresa Gugar de este municipio, por la explotaci\u00f3n que durante 20 a\u00f1os ha hecho del agua.<\/p>\n\n\n\n<p>El diputado Horacio Sosa Villavicencio, inform\u00f3 sobre la decisi\u00f3n de los pobladores, en sus redes sociales, y explic\u00f3 que esta medida surge debido a que esta empresa lleg\u00f3 a San Bartolo Coyotepec, con mentiras, pues se present\u00f3 como una f\u00e1brica de taparroscas.<\/p>\n\n\n\n<p>El legislador, detall\u00f3 que la empresa Gugar (Guzm\u00e1n Gardeaz\u00e1bal S. A. de C. V.) extrae todos los d\u00edas grandes cantidades de agua para su venta, lo que ha derivado en que los mantos acu\u00edferos se sequen y exista problemas de escasez de agua.<\/p>\n\n\n\n<p>Sosa Villavicencio indic\u00f3 que, como parte de los acuerdos de la asamblea comunitaria, se determin\u00f3 iniciar acciones para que la empresa Gugar salga definitivamente de San Bartolo Coyotepec, municipio conurbado a la capital de Oaxaca.<\/p>\n\n\n\n<p>EXPULSAR COCA-COLA<\/p>\n\n\n\n<p>La semana pasada, Sosa Villavicencio, legislador local por Morena, ahora de la Cuarta Transformaci\u00f3n, hizo un llamado a expulsar a la empresa Coca-Cola de las comunidades del estado de Oaxaca, como un mecanismo para proteger el medio ambiente y la salud de sus habitantes.<\/p>\n\n\n\n<p>Propuso a las asambleas comunitarias del estado que proh\u00edban en sus poblaciones el consumo de refrescos y comida chatarra, en raz\u00f3n de que los envases desechables de esos productos son los que principalmente generan la contaminaci\u00f3n por pl\u00e1sticos que hoy sufre el planeta.<\/p>\n\n\n\n<p>Recientemente, la Segunda Sala de la Suprema Corte de Justicia de la Naci\u00f3n (SCJN) declar\u00f3 inconstitucional una disposici\u00f3n del estado que proh\u00edbe las botellas desechables de PET y los envases desechables de unicel, propuesta por el propio Horacio Sosa y aprobada por el Congreso del Estado en 2019.<\/p>\n\n\n\n<p>La decisi\u00f3n de la SCJN resolvi\u00f3 favorablemente dos amparos interpuestos por la Coca-Cola a trav\u00e9s de sus distintas empresas.<\/p>\n\n\n\n<p>\u201cEs muy grave que la ministra y los ministros de la Suprema Corte hayan valorado los intereses econ\u00f3micos de una empresa por encima del bienestar de la Madre Tierra, y por encima de la salud y la vida de quienes en ella vivimos, de quienes por ella vivimos\u201d, expres\u00f3 posteriormente el diputado.<\/p>\n\n\n\n<p>En la sesi\u00f3n del mi\u00e9rcoles del Congreso del Estado, Sosa Villavicencio propuso un punto de acuerdo para exhortar a los 570 ayuntamientos del estado a analizar con sus asambleas comunitarias la grave situaci\u00f3n del medio ambiente derivada del consumo de productos en envases desechables.<\/p>\n\n\n\n<p>En su propuesta, llama a las asambleas comunitarias a promover el veto a los refrescos en botellas desechables y a la comida chatarra, con base en argumentos tanto ambientales como sanitarios, pues \u201cesos productos da\u00f1an la salud, al sustituir en gran medida a los alimentos saludables\u201d.&nbsp;<\/p>\n\n\n\n<p>En las consideraciones de su propuesta, cita un estudio internacional en el que se revela que compa\u00f1\u00edas internacionales como Coca-Cola, PepsiCo, Nestl\u00e9, Danone, McDonalds, Bimbo y Walmart, entre otras, son las que m\u00e1s producen restos de pl\u00e1stico, y M\u00e9xico es el principal destino de esos desechos.<\/p>\n","protected":false},"excerpt":{"rendered":"<p>Redacci\u00f3n\/Zona Roja. Oaxaca de Ju\u00e1rez, Oax., a 29 de agosto de 2022.- Integrantes de la&hellip;<\/p>\n","protected":false},"author":2,"featured_media":45188,"comment_status":"closed","ping_status":"open","sticky":false,"template":"","format":"standard","meta":{"_lmt_disableupdate":"","_lmt_disable":"","_jetpack_memberships_contains_paid_content":false,"footnotes":""},"categories":[109,46],"tags":[1155],"class_list":["post-45187","post","type-post","status-publish","format-standard","has-post-thumbnail","hentry","category-minuto-a-minuto","category-zona-blanca","tag-san-bartolo-coyotepec"],"jetpack_featured_media_url":"https:\/\/zonaroja.com.mx\/wp-content\/uploads\/2022\/08\/Asamblea-San-Bartolo-Coyotepec-.jpeg","jetpack_sharing_enabled":true,"_links":{"self":[{"href":"https:\/\/zonaroja.com.mx\/index.php?rest_route=\/wp\/v2\/posts\/45187","targetHints":{"allow":["GET"]}}],"collection":[{"href":"https:\/\/zonaroja.com.mx\/index.php?rest_route=\/wp\/v2\/posts"}],"about":[{"href":"https:\/\/zonaroja.com.mx\/index.php?rest_route=\/wp\/v2\/types\/post"}],"author":[{"embeddable":true,"href":"https:\/\/zonaroja.com.mx\/index.php?rest_route=\/wp\/v2\/users\/2"}],"replies":[{"embeddable":true,"href":"https:\/\/zonaroja.com.mx\/index.php?rest_route=%2Fwp%2Fv2%2Fcomments&post=45187"}],"version-history":[{"count":1,"href":"https:\/\/zonaroja.com.mx\/index.php?rest_route=\/wp\/v2\/posts\/45187\/revisions"}],"predecessor-version":[{"id":45189,"href":"https:\/\/zonaroja.com.mx\/index.php?rest_route=\/wp\/v2\/posts\/45187\/revisions\/45189"}],"wp:featuredmedia":[{"embeddable":true,"href":"https:\/\/zonaroja.com.mx\/index.php?rest_route=\/wp\/v2\/media\/45188"}],"wp:attachment":[{"href":"https:\/\/zonaroja.com.mx\/index.php?rest_route=%2Fwp%2Fv2%2Fmedia&parent=45187"}],"wp:term":[{"taxonomy":"category","embeddable":true,"href":"https:\/\/zonaroja.com.mx\/index.php?rest_route=%2Fwp%2Fv2%2Fcategories&post=45187"},{"taxonomy":"post_tag","embeddable":true,"href":"https:\/\/zonaroja.com.mx\/index.php?rest_route=%2Fwp%2Fv2%2Ftags&post=45187"}],"curies":[{"name":"wp","href":"https:\/\/api.w.org\/{rel}","templated":true}]}}