{"id":45190,"date":"2022-08-29T08:56:16","date_gmt":"2022-08-29T13:56:16","guid":{"rendered":"http:\/\/www.zonaroja.com.mx\/?p=45190"},"modified":"2022-08-29T08:56:17","modified_gmt":"2022-08-29T13:56:17","slug":"aspirante-a-dirigir-la-seccion-35-de-salud-recibe-respaldo-en-huixtepec","status":"publish","type":"post","link":"https:\/\/zonaroja.com.mx\/?p=45190","title":{"rendered":"Aspirante a dirigir la Secci\u00f3n 35 de Salud recibe respaldo en Huixtepec"},"content":{"rendered":"\n<p>Redacci\u00f3n\/Zona Roja.<\/p>\n\n\n\n<p>Oaxaca de Ju\u00e1rez, Oax., a 29 de agosto de 2022.- El candidato a secretario General de la Secci\u00f3n 35 del Sindicato Nacional de Trabajadores de la Secretar\u00eda de Salud, Omar L\u00f3pez S\u00e1nchez, recibi\u00f3 amplio respaldo para la planilla \u201cGuinda\u201d que encabeza.<\/p>\n\n\n\n<p>Este domingo acudi\u00f3 a San Pablo Huixtepec y la mayor\u00eda de trabajadores de distintas \u00e1reas, al igual que de centros de salud del distrito de Zimatl\u00e1n, le expresaron su respaldo y le garantizaron su voto.<\/p>\n\n\n\n<p>Luego de recibir tambi\u00e9n todo el apoyo del personal del Hospital Civil \u201cDr. Aurelio Valdivieso\u201d de la ciudad de Oaxaca, Omar L\u00f3pez agradeci\u00f3 todo el apoyo de la base trabajadora y asegur\u00f3 que no los va a defraudar, una vez que sea dirigente, cumplir\u00e1 sus compromisos.<\/p>\n\n\n\n<p>Resalt\u00f3 que cuenta con una planilla comprometida con las y los trabajadores y con los cuales seguir\u00e1 trabajando mejoras en prestaciones y salario para todos.<\/p>\n\n\n\n<p>De la misma manera, seguir exigiendo a las autoridades correspondientes que haya la dotaci\u00f3n e insumos as\u00ed como materiales de trabajo para que puedan desarrollar su trabajo adecuadamente.<\/p>\n\n\n\n<p>Dijo que pugnar\u00e1 principalmente porque fortalecer la unidad en el gremio, para tener una Secci\u00f3n 35 fuerte; se comprometi\u00f3 de la misma manera a brindar una mejor atenci\u00f3n a los trabajadores asignados en el interior del estado.<\/p>\n","protected":false},"excerpt":{"rendered":"<p>Redacci\u00f3n\/Zona Roja. Oaxaca de Ju\u00e1rez, Oax., a 29 de agosto de 2022.- El candidato a&hellip;<\/p>\n","protected":false},"author":2,"featured_media":45191,"comment_status":"closed","ping_status":"open","sticky":false,"template":"","format":"standard","meta":{"_lmt_disableupdate":"","_lmt_disable":"","_jetpack_memberships_contains_paid_content":false,"footnotes":""},"categories":[109,46],"tags":[3242],"class_list":["post-45190","post","type-post","status-publish","format-standard","has-post-thumbnail","hentry","category-minuto-a-minuto","category-zona-blanca","tag-omar-lopez-sanchez"],"jetpack_featured_media_url":"https:\/\/zonaroja.com.mx\/wp-content\/uploads\/2022\/08\/Omar-Lopez-Sanchez-Seccion-35.jpg","jetpack_sharing_enabled":true,"_links":{"self":[{"href":"https:\/\/zonaroja.com.mx\/index.php?rest_route=\/wp\/v2\/posts\/45190","targetHints":{"allow":["GET"]}}],"collection":[{"href":"https:\/\/zonaroja.com.mx\/index.php?rest_route=\/wp\/v2\/posts"}],"about":[{"href":"https:\/\/zonaroja.com.mx\/index.php?rest_route=\/wp\/v2\/types\/post"}],"author":[{"embeddable":true,"href":"https:\/\/zonaroja.com.mx\/index.php?rest_route=\/wp\/v2\/users\/2"}],"replies":[{"embeddable":true,"href":"https:\/\/zonaroja.com.mx\/index.php?rest_route=%2Fwp%2Fv2%2Fcomments&post=45190"}],"version-history":[{"count":1,"href":"https:\/\/zonaroja.com.mx\/index.php?rest_route=\/wp\/v2\/posts\/45190\/revisions"}],"predecessor-version":[{"id":45192,"href":"https:\/\/zonaroja.com.mx\/index.php?rest_route=\/wp\/v2\/posts\/45190\/revisions\/45192"}],"wp:featuredmedia":[{"embeddable":true,"href":"https:\/\/zonaroja.com.mx\/index.php?rest_route=\/wp\/v2\/media\/45191"}],"wp:attachment":[{"href":"https:\/\/zonaroja.com.mx\/index.php?rest_route=%2Fwp%2Fv2%2Fmedia&parent=45190"}],"wp:term":[{"taxonomy":"category","embeddable":true,"href":"https:\/\/zonaroja.com.mx\/index.php?rest_route=%2Fwp%2Fv2%2Fcategories&post=45190"},{"taxonomy":"post_tag","embeddable":true,"href":"https:\/\/zonaroja.com.mx\/index.php?rest_route=%2Fwp%2Fv2%2Ftags&post=45190"}],"curies":[{"name":"wp","href":"https:\/\/api.w.org\/{rel}","templated":true}]}}