{"id":45193,"date":"2022-08-29T09:13:16","date_gmt":"2022-08-29T14:13:16","guid":{"rendered":"http:\/\/www.zonaroja.com.mx\/?p=45193"},"modified":"2022-08-29T09:13:50","modified_gmt":"2022-08-29T14:13:50","slug":"confirman-robo-en-plaza-mazari-de-oaxaca-no-hay-detenidos","status":"publish","type":"post","link":"https:\/\/zonaroja.com.mx\/?p=45193","title":{"rendered":"Confirman robo en Plaza Mazari de Oaxaca; no hay detenidos"},"content":{"rendered":"\n<p>Redacci\u00f3n\/Zona Roja.<\/p>\n\n\n\n<p>Oaxaca de Ju\u00e1rez, Oax., a 29 de agosto de 2022.- Reportes de la polic\u00eda municipal de Oaxaca de Ju\u00e1rez confirman el robo que se registr\u00f3 ayer por la ma\u00f1ana en un local de computadoras y celulares Apple en Plaza Mazari, pero no hay detenidos.<\/p>\n\n\n\n<p>El atraco ocurri\u00f3 aproximadamente a las 10:2o horas del domingo; fueron tres sujetos, que presuntamente han cometido asaltos a otros negocios, y se llevaron seis computadoras nuevas y otras en reparaci\u00f3n, adem\u00e1s de otros equipos; los uniformados de Seguridad P\u00fablica municipal que encabeza Ra\u00fal \u00c1vila Ibarra, llegaron despu\u00e9s de los hechos.<\/p>\n\n\n\n<p>Seg\u00fan informaci\u00f3n de las primeras indagatorias, los maleantes ten\u00edan una estrategia planeada para cometer el robo, pese a que a ese centro comercial acuden cientos de personas a realizar compras o a consumir alimentos en sus restaurantes.<\/p>\n\n\n\n<p>Llegaron a bordo de un coche marca Ford, tipo Topaz, con placas de circulaci\u00f3n TLC-2043, que escondieron en la privada de Tulipanes, a dos cuadras de Plaza Mazari.<\/p>\n\n\n\n<p>Ingresaron con armas de fuego, amagaron al personal y se llevaron equipos; ni la polic\u00eda privada que resguarda algunos comercios se dio cuenta de ello y pudo hacer algo, pese a que el local de Ishop se encuentra en la segunda planta y son varios metros de distancia hacia la calzada Porfirio D\u00edaz.&nbsp;<\/p>\n\n\n\n<p>Tras ello, tomaron el coche Topaz pero lo abandonaron metros m\u00e1s adelante para abordar otro marca Volkswagen, tipo Golf, con el cual se dieron a la fuga con rumbo al poniente de la capital; inicialmente se report\u00f3 detenciones por esa zona, lo cual fue descartado posteriormente.<\/p>\n\n\n\n<p>Como se inform\u00f3, polic\u00edas estatales que acud\u00edan a atender la emergencia, tuvieron un percance entre dos patrullas, en las calles Emiliano Zapata y Escuela Naval Militar de la colonia Reforma, que dej\u00f3 como saldo seis uniformados, todos estables de salud.<\/p>\n\n\n\n<figure class=\"wp-block-embed is-type-rich is-provider-twitter wp-block-embed-twitter\"><div class=\"wp-block-embed__wrapper\">\n<div class=\"twitter-tweet\"><blockquote class=\"twitter-tweet\" data-lang=\"es\"><p lang=\"es\" dir=\"ltr\"><a href=\"https:\/\/twitter.com\/hashtag\/%C3%9AltimoMinuto?src=hash&amp;ref_src=twsrc%5Etfw\">#\u00daltimoMinuto<\/a> <br>En la privada de Tulipanes, a escasas cuadras de Plaza Mazari de la colonia Reforma, ciudad de Oaxaca, fue abandonado un veh\u00edculo en que presuntamente se trasladaban los asaltantes de la tienda de c\u00f3mputo. <a href=\"https:\/\/t.co\/TPLm8VCjKy\">pic.twitter.com\/TPLm8VCjKy<\/a><\/p>&mdash; Zona Roja Oaxaca (@ZonaRoja_Oaxaca) <a href=\"https:\/\/twitter.com\/ZonaRoja_Oaxaca\/status\/1563952101134422017?ref_src=twsrc%5Etfw\">28 de agosto de 2022<\/a><\/blockquote><\/div>\n<\/div><\/figure>\n","protected":false},"excerpt":{"rendered":"<p>Redacci\u00f3n\/Zona Roja. Oaxaca de Ju\u00e1rez, Oax., a 29 de agosto de 2022.- Reportes de la&hellip;<\/p>\n","protected":false},"author":2,"featured_media":45194,"comment_status":"closed","ping_status":"open","sticky":false,"template":"","format":"standard","meta":{"_lmt_disableupdate":"","_lmt_disable":"","_jetpack_memberships_contains_paid_content":false,"footnotes":""},"categories":[109,47],"tags":[3243],"class_list":["post-45193","post","type-post","status-publish","format-standard","has-post-thumbnail","hentry","category-minuto-a-minuto","category-zona-gris","tag-plaza-mazari-oaxaca"],"jetpack_featured_media_url":"https:\/\/zonaroja.com.mx\/wp-content\/uploads\/2022\/08\/Asalto-Ishop-plaza-Mazari-Oaxaca.jpg","jetpack_sharing_enabled":true,"_links":{"self":[{"href":"https:\/\/zonaroja.com.mx\/index.php?rest_route=\/wp\/v2\/posts\/45193","targetHints":{"allow":["GET"]}}],"collection":[{"href":"https:\/\/zonaroja.com.mx\/index.php?rest_route=\/wp\/v2\/posts"}],"about":[{"href":"https:\/\/zonaroja.com.mx\/index.php?rest_route=\/wp\/v2\/types\/post"}],"author":[{"embeddable":true,"href":"https:\/\/zonaroja.com.mx\/index.php?rest_route=\/wp\/v2\/users\/2"}],"replies":[{"embeddable":true,"href":"https:\/\/zonaroja.com.mx\/index.php?rest_route=%2Fwp%2Fv2%2Fcomments&post=45193"}],"version-history":[{"count":2,"href":"https:\/\/zonaroja.com.mx\/index.php?rest_route=\/wp\/v2\/posts\/45193\/revisions"}],"predecessor-version":[{"id":45196,"href":"https:\/\/zonaroja.com.mx\/index.php?rest_route=\/wp\/v2\/posts\/45193\/revisions\/45196"}],"wp:featuredmedia":[{"embeddable":true,"href":"https:\/\/zonaroja.com.mx\/index.php?rest_route=\/wp\/v2\/media\/45194"}],"wp:attachment":[{"href":"https:\/\/zonaroja.com.mx\/index.php?rest_route=%2Fwp%2Fv2%2Fmedia&parent=45193"}],"wp:term":[{"taxonomy":"category","embeddable":true,"href":"https:\/\/zonaroja.com.mx\/index.php?rest_route=%2Fwp%2Fv2%2Fcategories&post=45193"},{"taxonomy":"post_tag","embeddable":true,"href":"https:\/\/zonaroja.com.mx\/index.php?rest_route=%2Fwp%2Fv2%2Ftags&post=45193"}],"curies":[{"name":"wp","href":"https:\/\/api.w.org\/{rel}","templated":true}]}}