{"id":45198,"date":"2022-08-29T15:59:17","date_gmt":"2022-08-29T20:59:17","guid":{"rendered":"https:\/\/www.zonaroja.com.mx\/?p=45198"},"modified":"2022-08-29T19:41:17","modified_gmt":"2022-08-30T00:41:17","slug":"frustran-taxistas-de-tuxtepec-inicio-de-ciclo-escolar-por-bloqueos","status":"publish","type":"post","link":"https:\/\/zonaroja.com.mx\/?p=45198","title":{"rendered":"Frustran taxistas de Tuxtepec inicio de ciclo escolar, por bloqueos"},"content":{"rendered":"\n<p>Yuridiana Sosa\/Zona Roja.<\/p>\n\n\n\n<p>Oaxaca de Ju\u00e1rez, Oax., 29 de agosto 2022.- El inicio del ciclo escolar 2022-2023 fue suspendido en diversas escuelas de nivel b\u00e1sico y medio superior en Tuxtepec, ante los bloqueos por parte de taxistas del centro de la ciudad, quienes por seis horas obstruyeron vialidades y convirtieron las calles en puntos des\u00e9rticos.<\/p>\n\n\n\n<p>Desde la tarde de este domingo, las instituciones acad\u00e9micas comenzaron los anuncios para posponer al martes 30 de agosto el regreso a clases, de forma presencial, el cual ser\u00eda el primero de forma masiva tras dos a\u00f1os de pandemia.<\/p>\n\n\n\n<p>Miles de alumnos y padres de familia se quedaron listos para retomar su rutina cotidiana, as\u00ed como diversas rutas del transporte urbano tambi\u00e9n suspendieron por varias horas el servicio, mientras que la actividad econ\u00f3mica en el centro de la ciudad tambi\u00e9n sufri\u00f3 los estragos de esta movilizaci\u00f3n.<\/p>\n\n\n\n<p>PROTESTA<\/p>\n\n\n\n<p>Taxistas de San Juan Bautista Tuxtepec se manifestaron para exigir a la autoridad municipal y estatal el retiro de las terminales del transporte de pasaje for\u00e1neo ubicadas en el casco urbano.<\/p>\n\n\n\n<p>Desde las 07:00 horas comenzaron con un bloqueo en la glorieta \u201cFlor de Pi\u00f1a\u201d, afectando el paso sobre el bulevar Benito Ju\u00e1rez, bulevar Plan de Tuxtepec y avenida Cinco de Mayo.<\/p>\n\n\n\n<p>Poco antes del mediod\u00eda, el bloqueo se extendi\u00f3, con la participaci\u00f3n de unas 500 unidades, a diversos puntos en la periferia de la ciudad, como medida de presi\u00f3n para llegar a acuerdos en la mesa de di\u00e1logo que se sostuvo en Casa de Cultura, la cual finaliz\u00f3 alrededor&nbsp;de las 13:00horas.<\/p>\n\n\n\n<p>Los taxistas se\u00f1alan que las terminales en el centro de la ciudad les restan pasaje, pues ascienden y descienden pasaje en puntos medios. <\/p>\n\n\n\n<p>El proyecto de la terminal de segunda clase, que reunir\u00eda a las terminales for\u00e1neas de urbanos y pasaje mixto, no fue posible concretarlo por parte del gobierno del estado a pesar de diversas promesas.<\/p>\n\n\n\n<p>Adem\u00e1s, los gobiernos municipales no respetaron un acuerdo firmado en 2001 con el gremio de taxis, para que las terminales de pasaje de los municipios vecinos en la Cuenca del Papaloapan se instalaran en los accesos a la ciudad.&nbsp;<\/p>\n\n\n\n<p>BLOQUEOS LATENTES&nbsp;<\/p>\n\n\n\n<p>Habitantes de la agencia de Palomares, de Mat\u00edas Romero de Avenda\u00f1o, en el Istmo, &nbsp;anunciaron un bloqueo en la carretera Trans\u00edstmica y v\u00edas del ferrocarril, para manifestar su rechazo a la presidenta municipal Obdulia Garc\u00eda, quien les niega la aplicaci\u00f3n de recursos p\u00fablicos.<\/p>\n\n\n\n<p>Los pobladores se\u00f1alan que la autoridad ha entregado sus recursos a la organizaci\u00f3n UCIZONI, por lo que la asamblea decidi\u00f3 iniciar actividades de protesta el martes 30 de agosto. <\/p>\n\n\n\n<p>Por otra parte, en esa misma regi\u00f3n del estado, ejidatarios de Estaci\u00f3n Mogo\u00f1\u00e9 de San Juan Guichicovi, emplazaron nuevamente al presidente Andr\u00e9s Manuel L\u00f3pez Obrador para que solucione su demanda agraria, sobre el pago de finiquitos de sus tierras, donde fueron construidas las v\u00edas del tren trans\u00edstmico.<\/p>\n\n\n\n<p>La asamblea general demand\u00f3 a que gire instrucciones para que 29 de septiembre, a m\u00e1s tardar, se celebre ante el Tribunal Agrario en Tuxtepec el convenio de finiquito de indemnizaci\u00f3n de tierras, o de lo contrario volver\u00e1n a realizar bloqueos carreteros.<\/p>\n","protected":false},"excerpt":{"rendered":"<p>Yuridiana Sosa\/Zona Roja. Oaxaca de Ju\u00e1rez, Oax., 29 de agosto 2022.- El inicio del ciclo&hellip;<\/p>\n","protected":false},"author":2,"featured_media":45201,"comment_status":"closed","ping_status":"open","sticky":false,"template":"","format":"standard","meta":{"_lmt_disableupdate":"","_lmt_disable":"","_jetpack_memberships_contains_paid_content":false,"footnotes":""},"categories":[109,47],"tags":[],"class_list":["post-45198","post","type-post","status-publish","format-standard","has-post-thumbnail","hentry","category-minuto-a-minuto","category-zona-gris"],"jetpack_featured_media_url":"https:\/\/zonaroja.com.mx\/wp-content\/uploads\/2022\/08\/Bloqueo-taxis-ciudad-de-Tuxtepec.jpg","jetpack_sharing_enabled":true,"_links":{"self":[{"href":"https:\/\/zonaroja.com.mx\/index.php?rest_route=\/wp\/v2\/posts\/45198","targetHints":{"allow":["GET"]}}],"collection":[{"href":"https:\/\/zonaroja.com.mx\/index.php?rest_route=\/wp\/v2\/posts"}],"about":[{"href":"https:\/\/zonaroja.com.mx\/index.php?rest_route=\/wp\/v2\/types\/post"}],"author":[{"embeddable":true,"href":"https:\/\/zonaroja.com.mx\/index.php?rest_route=\/wp\/v2\/users\/2"}],"replies":[{"embeddable":true,"href":"https:\/\/zonaroja.com.mx\/index.php?rest_route=%2Fwp%2Fv2%2Fcomments&post=45198"}],"version-history":[{"count":1,"href":"https:\/\/zonaroja.com.mx\/index.php?rest_route=\/wp\/v2\/posts\/45198\/revisions"}],"predecessor-version":[{"id":45199,"href":"https:\/\/zonaroja.com.mx\/index.php?rest_route=\/wp\/v2\/posts\/45198\/revisions\/45199"}],"wp:featuredmedia":[{"embeddable":true,"href":"https:\/\/zonaroja.com.mx\/index.php?rest_route=\/wp\/v2\/media\/45201"}],"wp:attachment":[{"href":"https:\/\/zonaroja.com.mx\/index.php?rest_route=%2Fwp%2Fv2%2Fmedia&parent=45198"}],"wp:term":[{"taxonomy":"category","embeddable":true,"href":"https:\/\/zonaroja.com.mx\/index.php?rest_route=%2Fwp%2Fv2%2Fcategories&post=45198"},{"taxonomy":"post_tag","embeddable":true,"href":"https:\/\/zonaroja.com.mx\/index.php?rest_route=%2Fwp%2Fv2%2Ftags&post=45198"}],"curies":[{"name":"wp","href":"https:\/\/api.w.org\/{rel}","templated":true}]}}