{"id":45205,"date":"2022-08-29T21:24:50","date_gmt":"2022-08-30T02:24:50","guid":{"rendered":"http:\/\/www.zonaroja.com.mx\/?p=45205"},"modified":"2022-08-29T21:24:52","modified_gmt":"2022-08-30T02:24:52","slug":"por-primera-vez-en-30-anos-se-han-concluido-tres-ciclos-escolares-completos","status":"publish","type":"post","link":"https:\/\/zonaroja.com.mx\/?p=45205","title":{"rendered":"Por primera vez en 30 a\u00f1os, se han concluido tres ciclos escolares completos"},"content":{"rendered":"\n<p>Redacci\u00f3n\/Zona Roja.<\/p>\n\n\n\n<p>Oaxaca de Ju\u00e1rez, Oax., a 29 de agosto de 2022.- Con la representaci\u00f3n del gobernador Alejandro Murat Hinojosa, el encargado de Despacho del Instituto Estatal de Educaci\u00f3n P\u00fablica de Oaxaca, Jos\u00e9 Luis Rangel, inaugur\u00f3 este lunes el ciclo escolar 2022-2023, en presencia de la directora general de Bachillerato de la Secretar\u00eda de Educaci\u00f3n P\u00fablica (SEP), Mar\u00eda de los \u00c1ngeles Cort\u00e9s Basurto.<\/p>\n\n\n\n<p>En el marco de la ceremonia oficial, efectuada en la Escuela Telesecundaria \u201cNabor V\u00e1squez Pacheco\u201d, de San Andr\u00e9s Huayapam, el funcionario realiz\u00f3 la entrega de asignaciones de grupos a docentes; de mobiliario, equipo y material bibliogr\u00e1fico y did\u00e1ctico para lenguaje y comunicaci\u00f3n, pensamiento matem\u00e1tico y cient\u00edfico, adem\u00e1s de \u00e1rboles donados por la Comisi\u00f3n Nacional Forestal (Conafor), para el programa \u201cRegresa a clases con un \u00e1rbol\u201d.<\/p>\n\n\n\n<p>Acompa\u00f1ado del coordinador general de Educaci\u00f3n Media Superior y Superior, Ciencia y Tecnolog\u00eda (CGEMSySCyT), Francisco M\u00e1rquez M\u00e9ndez y el director del plantel, Bernardino Bautista Mart\u00ednez, el Encargado de Despacho del IEEPO, resalt\u00f3 el trabajo que realizan maestras y maestros, quienes asumen con gran responsabilidad y vocaci\u00f3n social la tarea de educar a la ni\u00f1ez y juventud de nuestro estado, con el acompa\u00f1amiento de las madres y padres de familia.<\/p>\n\n\n\n<p>En presencia tambi\u00e9n de la encargada de despacho de la Semarnat en Oaxaca, Mar\u00eda del Socorro P\u00e9rez Garc\u00eda y el regidor de Educaci\u00f3n del Ayuntamiento de San Andr\u00e9s Huayapam, Jaime Bernardino Aquino Hern\u00e1ndez, indic\u00f3 que con un compromiso renovado del gobierno y la sociedad, se inaugur\u00f3 un nuevo ciclo lectivo, un proyecto educativo que compromete a cumplir una importante tarea que va m\u00e1s all\u00e1 de cifras e indicadores: descubrir, a trav\u00e9s de la pr\u00e1ctica diaria, lo imprescindible que es el trabajo colaborativo.<\/p>\n\n\n\n<figure class=\"wp-block-embed is-type-rich is-provider-twitter wp-block-embed-twitter\"><div class=\"wp-block-embed__wrapper\">\n<div class=\"twitter-tweet\"><blockquote class=\"twitter-tweet\" data-lang=\"es\"><p lang=\"es\" dir=\"ltr\">Hoy inici\u00f3 el ciclo escolar 2022-2023 y en Oaxaca la mayor\u00eda de escuelas comenz\u00f3 con clases presenciales. <br>En la Telesecundaria \u201cNabor V\u00e1squez Pacheco\u201d,de Huay\u00e1pam, el encargado del <a href=\"https:\/\/twitter.com\/IEEPOGobOax?ref_src=twsrc%5Etfw\">@IEEPOGobOax<\/a>, Jos\u00e9 Luis Rangel,inici\u00f3 el periodo en representaci\u00f3n del gobernador <a href=\"https:\/\/twitter.com\/alejandromurat?ref_src=twsrc%5Etfw\">@alejandromurat<\/a>. <a href=\"https:\/\/t.co\/1pGvAvAEHD\">pic.twitter.com\/1pGvAvAEHD<\/a><\/p>&mdash; Zona Roja Oaxaca (@ZonaRoja_Oaxaca) <a href=\"https:\/\/twitter.com\/ZonaRoja_Oaxaca\/status\/1564307620231626753?ref_src=twsrc%5Etfw\">29 de agosto de 2022<\/a><\/blockquote><\/div>\n<\/div><\/figure>\n\n\n\n<p>Al dar el saludo de bienvenida a la comunidad escolar, el Encargado de Despacho del IEEPO &nbsp;les exhort\u00f3 a sumarse a la alegr\u00eda de trabajar por la educaci\u00f3n de las ni\u00f1as, ni\u00f1os y adolescentes de Oaxaca, a pasar de la idea a la acci\u00f3n, a actuar sobre la realidad y probar que la realidad es transformable s\u00f3lo con la acci\u00f3n coordinada y comprometida de todos nosotros.<\/p>\n\n\n\n<p>\u201cHoy que inicia un nuevo ciclo escolar, los invito a que sigamos trabajando unidos, con responsabilidad y entusiasmo, y a que sigamos formando, mediante la educaci\u00f3n, personas capaces de valerse por s\u00ed mismos y de emplear su inteligencia para el bien de los dem\u00e1s, como dijera con acierto el oaxaque\u00f1o Jos\u00e9 Vasconcelos\u201d, enfatiz\u00f3.<\/p>\n\n\n\n<p>Por su parte, la representante de la SEP, Mar\u00eda de los \u00c1ngeles Cort\u00e9s Basurto, luego de recomendar que se contin\u00faen aplicando los protocolos de salud en las escuelas, explic\u00f3 que a trav\u00e9s de un plan de trabajo establecido junto con maestras y maestros en Educaci\u00f3n B\u00e1sica se aplicar\u00e1n evaluaciones diagn\u00f3sticas de los aprendizajes y a partir de su an\u00e1lisis y valoraci\u00f3n, se fortalecer\u00e1n los procesos de ense\u00f1anza y aprendizaje.<\/p>\n\n\n\n<p>En su oportunidad, el coordinador general de Educaci\u00f3n Media Superior y Superior, Ciencia y Tecnolog\u00eda hizo un reconocimiento especial a las y los j\u00f3venes que retomaron sus actividades presenciales luego del periodo de confinamiento, que implic\u00f3 un desaf\u00edo para todas y todos.&nbsp; Les pidi\u00f3 tambi\u00e9n sumar sus habilidades acad\u00e9micas con las personales para acceder a un mejor futuro.<\/p>\n\n\n\n<p>En Oaxaca, 897 mil 902 estudiantes inscritos en planteles de nivel b\u00e1sico, especial, normal y servicios educativos del Consejo Nacional de Fomento Educativo (Conafe), as\u00ed como m\u00e1s de 82 mil trabajadores, entre directivos, docentes y personal de apoyo a la educaci\u00f3n, retornaron a las actividades escolares en 12 mil 109 escuelas.<\/p>\n\n\n\n<p>A partir de una nueva relaci\u00f3n del Gobierno del Estado con la comunidad escolar y el magisterio oaxaque\u00f1o, por primera vez en 30 a\u00f1os, se han concluido tres ciclos escolares y este que est\u00e1 iniciando ser\u00e1 el cuarto.<\/p>\n","protected":false},"excerpt":{"rendered":"<p>Redacci\u00f3n\/Zona Roja. Oaxaca de Ju\u00e1rez, Oax., a 29 de agosto de 2022.- Con la representaci\u00f3n&hellip;<\/p>\n","protected":false},"author":2,"featured_media":45206,"comment_status":"closed","ping_status":"open","sticky":false,"template":"","format":"standard","meta":{"_lmt_disableupdate":"","_lmt_disable":"","_jetpack_memberships_contains_paid_content":false,"footnotes":""},"categories":[109,46],"tags":[2837],"class_list":["post-45205","post","type-post","status-publish","format-standard","has-post-thumbnail","hentry","category-minuto-a-minuto","category-zona-blanca","tag-instituto-estatal-de-educacion-publica-de-oaxaca-ieepo"],"jetpack_featured_media_url":"https:\/\/zonaroja.com.mx\/wp-content\/uploads\/2022\/08\/Inicio-cilco-escolar-Oaxaca.jpeg","jetpack_sharing_enabled":true,"_links":{"self":[{"href":"https:\/\/zonaroja.com.mx\/index.php?rest_route=\/wp\/v2\/posts\/45205","targetHints":{"allow":["GET"]}}],"collection":[{"href":"https:\/\/zonaroja.com.mx\/index.php?rest_route=\/wp\/v2\/posts"}],"about":[{"href":"https:\/\/zonaroja.com.mx\/index.php?rest_route=\/wp\/v2\/types\/post"}],"author":[{"embeddable":true,"href":"https:\/\/zonaroja.com.mx\/index.php?rest_route=\/wp\/v2\/users\/2"}],"replies":[{"embeddable":true,"href":"https:\/\/zonaroja.com.mx\/index.php?rest_route=%2Fwp%2Fv2%2Fcomments&post=45205"}],"version-history":[{"count":1,"href":"https:\/\/zonaroja.com.mx\/index.php?rest_route=\/wp\/v2\/posts\/45205\/revisions"}],"predecessor-version":[{"id":45207,"href":"https:\/\/zonaroja.com.mx\/index.php?rest_route=\/wp\/v2\/posts\/45205\/revisions\/45207"}],"wp:featuredmedia":[{"embeddable":true,"href":"https:\/\/zonaroja.com.mx\/index.php?rest_route=\/wp\/v2\/media\/45206"}],"wp:attachment":[{"href":"https:\/\/zonaroja.com.mx\/index.php?rest_route=%2Fwp%2Fv2%2Fmedia&parent=45205"}],"wp:term":[{"taxonomy":"category","embeddable":true,"href":"https:\/\/zonaroja.com.mx\/index.php?rest_route=%2Fwp%2Fv2%2Fcategories&post=45205"},{"taxonomy":"post_tag","embeddable":true,"href":"https:\/\/zonaroja.com.mx\/index.php?rest_route=%2Fwp%2Fv2%2Ftags&post=45205"}],"curies":[{"name":"wp","href":"https:\/\/api.w.org\/{rel}","templated":true}]}}