{"id":45208,"date":"2022-08-29T22:03:04","date_gmt":"2022-08-30T03:03:04","guid":{"rendered":"http:\/\/www.zonaroja.com.mx\/?p=45208"},"modified":"2022-08-29T22:03:05","modified_gmt":"2022-08-30T03:03:05","slug":"ejecutan-a-tres-personas-en-municipio-de-la-costa-de-oaxaca","status":"publish","type":"post","link":"https:\/\/zonaroja.com.mx\/?p=45208","title":{"rendered":"Ejecutan a tres personas en municipio de la Costa de Oaxaca"},"content":{"rendered":"\n<p>Redacci\u00f3n\/Zona Roja.<\/p>\n\n\n\n<p>Oaxaca de Ju\u00e1rez, Oax., 29 de agosto de 2022.- Tres personas del sexo masculino fueron ejecutadas a balazos este lunes en San Gabriel Mixtepec, municipio de la regi\u00f3n Costa de Oaxaca.<\/p>\n\n\n\n<p>Los cuerpos fueron localizados la tarde de hoy en el interior de un veh\u00edculo, en la carretera federal 175 Oaxaca-Puerto Escondido, en inmediaciones del paraje \u201cLas \u00c1guilas\u201d.<\/p>\n\n\n\n<p>Las v\u00edctimas fueron identificadas de manera preliminar como Venancio B., Francisco C. y Zuriel R. Cerca del coche tipo Tsuru, marca Nissan, fueron colocadas cartulinas con mensajes amenazantes est\u00e1 dirigido contra vendedores de la droga conocida como cristal.<\/p>\n\n\n\n<p>Personal de la Vicefiscal\u00eda Regional de la Costa inici\u00f3 con las indagatorias correspondientes, para lo cual abri\u00f3 la Carpeta de Investigaci\u00f3n respectiva.<\/p>\n","protected":false},"excerpt":{"rendered":"<p>Redacci\u00f3n\/Zona Roja. Oaxaca de Ju\u00e1rez, Oax., 29 de agosto de 2022.- Tres personas del sexo&hellip;<\/p>\n","protected":false},"author":2,"featured_media":44861,"comment_status":"closed","ping_status":"open","sticky":false,"template":"","format":"standard","meta":{"_lmt_disableupdate":"","_lmt_disable":"","_jetpack_memberships_contains_paid_content":false,"footnotes":""},"categories":[109,51],"tags":[1270],"class_list":["post-45208","post","type-post","status-publish","format-standard","has-post-thumbnail","hentry","category-minuto-a-minuto","category-zona-roja","tag-san-gabriel-mixtepec"],"jetpack_featured_media_url":"https:\/\/zonaroja.com.mx\/wp-content\/uploads\/2022\/08\/Escena-del-crimen-asesinato-muerte-homicidio.jpeg","jetpack_sharing_enabled":true,"_links":{"self":[{"href":"https:\/\/zonaroja.com.mx\/index.php?rest_route=\/wp\/v2\/posts\/45208","targetHints":{"allow":["GET"]}}],"collection":[{"href":"https:\/\/zonaroja.com.mx\/index.php?rest_route=\/wp\/v2\/posts"}],"about":[{"href":"https:\/\/zonaroja.com.mx\/index.php?rest_route=\/wp\/v2\/types\/post"}],"author":[{"embeddable":true,"href":"https:\/\/zonaroja.com.mx\/index.php?rest_route=\/wp\/v2\/users\/2"}],"replies":[{"embeddable":true,"href":"https:\/\/zonaroja.com.mx\/index.php?rest_route=%2Fwp%2Fv2%2Fcomments&post=45208"}],"version-history":[{"count":1,"href":"https:\/\/zonaroja.com.mx\/index.php?rest_route=\/wp\/v2\/posts\/45208\/revisions"}],"predecessor-version":[{"id":45209,"href":"https:\/\/zonaroja.com.mx\/index.php?rest_route=\/wp\/v2\/posts\/45208\/revisions\/45209"}],"wp:featuredmedia":[{"embeddable":true,"href":"https:\/\/zonaroja.com.mx\/index.php?rest_route=\/wp\/v2\/media\/44861"}],"wp:attachment":[{"href":"https:\/\/zonaroja.com.mx\/index.php?rest_route=%2Fwp%2Fv2%2Fmedia&parent=45208"}],"wp:term":[{"taxonomy":"category","embeddable":true,"href":"https:\/\/zonaroja.com.mx\/index.php?rest_route=%2Fwp%2Fv2%2Fcategories&post=45208"},{"taxonomy":"post_tag","embeddable":true,"href":"https:\/\/zonaroja.com.mx\/index.php?rest_route=%2Fwp%2Fv2%2Ftags&post=45208"}],"curies":[{"name":"wp","href":"https:\/\/api.w.org\/{rel}","templated":true}]}}