{"id":45213,"date":"2022-08-30T09:00:00","date_gmt":"2022-08-30T14:00:00","guid":{"rendered":"http:\/\/www.zonaroja.com.mx\/?p=45213"},"modified":"2022-08-30T06:45:11","modified_gmt":"2022-08-30T11:45:11","slug":"pide-el-conapred-indagar-con-perspectiva-de-genero-asesinato-de-muxe","status":"publish","type":"post","link":"https:\/\/zonaroja.com.mx\/?p=45213","title":{"rendered":"Pide el Conapred indagar con perspectiva de g\u00e9nero asesinato de muxe"},"content":{"rendered":"\n<p>Yuridiana Sosa\/Zona Roja.<\/p>\n\n\n\n<p>Oaxaca de Ju\u00e1rez, Oax., a 30 de agosto de 2022.- El Consejo Nacional para Prevenir la Discriminaci\u00f3n (Conapred) demand\u00f3 a la Fiscal\u00eda General del Estado resolver con perspectiva de g\u00e9nero el asesinato de \u201cMarimar\u201d Santiago, integrante de la comunidad muxe de Oaxaca, ocurrido el fin de semana.<\/p>\n\n\n\n<p>El homicidio se registr\u00f3 en el municipio de Salina Cruz, en la regi\u00f3n del Istmo, el s\u00e1bado 27 de agosto, cuando fue hallado el cuerpo un cuerpo sin vida en un camino de terracer\u00eda que conduce a la agencia municipal de Boca del R\u00edo.<\/p>\n\n\n\n<p>La v\u00edctima fue identificada como Edgardo Santiago L\u00f3pez, conocido en la comunidad muxe como \u201cMarimar\u201d o \u201cEstrellita\u201d. Era originario de San Pedro Huilotepec y era maestro de profesi\u00f3n en Salina Cruz.<\/p>\n\n\n\n<p>Por medio de su cuenta oficial de Twitter, el Conapred apunt\u00f3 que es importante visibilizar la vulnerabilidad y desigualdad de condiciones de las personas hist\u00f3ricamente discriminadas. \u201cEs necesario dejar de normalizar la violencia en contra de las mujeres ind\u00edgenas y las personas con identidades sexuales no normativas\u201d, se\u00f1al\u00f3.<\/p>\n\n\n\n<p>EXIGEN JUSTICIA<\/p>\n\n\n\n<p>Asimismo, colectivos, defensores de derechos humanos e integrantes de la comunidad LBGTIQ+ de Oaxaca condenaron el homicidio, el cual calificaron como un crimen de odio por homofobia.<\/p>\n\n\n\n<p>Desde la regi\u00f3n del Istmo de Oaxaca, exigieron a la Fiscal\u00eda General de Oaxaca justicia por este delito y el de otros m\u00e1s de la comunidad de la diversidad sexual que siguen sin esclarecer.<\/p>\n\n\n\n<p>Demandaron al fiscal Arturo Peimberg Calvo la instalaci\u00f3n de una reuni\u00f3n en car\u00e1cter de urgente con la comunidad muxe, para exponerles su preocupaci\u00f3n ante la violencia que prevalece contra ellos.<\/p>\n\n\n\n<p>Tambi\u00e9n llamaron al gobernador saliente, Alejandro Murat, y al entrante, Salom\u00f3n Jara, a tomar con responsabilidad estos hechos.<\/p>\n\n\n\n<p>A Murat Hinojosa demandaron su intervenci\u00f3n y a Jara Cruz, a que contemple en las pol\u00edticas p\u00fablicas que aplicar\u00e1 la defensa de los nuestros derechos humanos de la comunidad LGBTQ+ y muxes.<\/p>\n","protected":false},"excerpt":{"rendered":"<p>Yuridiana Sosa\/Zona Roja. Oaxaca de Ju\u00e1rez, Oax., a 30 de agosto de 2022.- El Consejo&hellip;<\/p>\n","protected":false},"author":2,"featured_media":45215,"comment_status":"closed","ping_status":"open","sticky":false,"template":"","format":"standard","meta":{"_lmt_disableupdate":"","_lmt_disable":"","_jetpack_memberships_contains_paid_content":false,"footnotes":""},"categories":[109,47],"tags":[168],"class_list":["post-45213","post","type-post","status-publish","format-standard","has-post-thumbnail","hentry","category-minuto-a-minuto","category-zona-gris","tag-salina-cruz"],"jetpack_featured_media_url":"https:\/\/zonaroja.com.mx\/wp-content\/uploads\/2022\/08\/Edgardo-Santiago-Lopez-muxe-Salina-Cruz.jpg","jetpack_sharing_enabled":true,"_links":{"self":[{"href":"https:\/\/zonaroja.com.mx\/index.php?rest_route=\/wp\/v2\/posts\/45213","targetHints":{"allow":["GET"]}}],"collection":[{"href":"https:\/\/zonaroja.com.mx\/index.php?rest_route=\/wp\/v2\/posts"}],"about":[{"href":"https:\/\/zonaroja.com.mx\/index.php?rest_route=\/wp\/v2\/types\/post"}],"author":[{"embeddable":true,"href":"https:\/\/zonaroja.com.mx\/index.php?rest_route=\/wp\/v2\/users\/2"}],"replies":[{"embeddable":true,"href":"https:\/\/zonaroja.com.mx\/index.php?rest_route=%2Fwp%2Fv2%2Fcomments&post=45213"}],"version-history":[{"count":1,"href":"https:\/\/zonaroja.com.mx\/index.php?rest_route=\/wp\/v2\/posts\/45213\/revisions"}],"predecessor-version":[{"id":45216,"href":"https:\/\/zonaroja.com.mx\/index.php?rest_route=\/wp\/v2\/posts\/45213\/revisions\/45216"}],"wp:featuredmedia":[{"embeddable":true,"href":"https:\/\/zonaroja.com.mx\/index.php?rest_route=\/wp\/v2\/media\/45215"}],"wp:attachment":[{"href":"https:\/\/zonaroja.com.mx\/index.php?rest_route=%2Fwp%2Fv2%2Fmedia&parent=45213"}],"wp:term":[{"taxonomy":"category","embeddable":true,"href":"https:\/\/zonaroja.com.mx\/index.php?rest_route=%2Fwp%2Fv2%2Fcategories&post=45213"},{"taxonomy":"post_tag","embeddable":true,"href":"https:\/\/zonaroja.com.mx\/index.php?rest_route=%2Fwp%2Fv2%2Ftags&post=45213"}],"curies":[{"name":"wp","href":"https:\/\/api.w.org\/{rel}","templated":true}]}}