{"id":45220,"date":"2022-08-30T07:07:37","date_gmt":"2022-08-30T12:07:37","guid":{"rendered":"http:\/\/www.zonaroja.com.mx\/?p=45220"},"modified":"2022-08-30T07:07:39","modified_gmt":"2022-08-30T12:07:39","slug":"lleva-fiscalia-a-audiencia-a-cuatro-detenidos-por-caso-abigail-en-salina-cruz","status":"publish","type":"post","link":"https:\/\/zonaroja.com.mx\/?p=45220","title":{"rendered":"Lleva Fiscal\u00eda a audiencia a cuatro detenidos por caso Abigail en Salina Cruz"},"content":{"rendered":"\n<p>Redacci\u00f3n\/Zona Roja.<\/p>\n\n\n\n<p>Oaxaca de Ju\u00e1rez, Oax., a 30 de agosto de 2022.- La Fiscal\u00eda General del Estado de Oaxaca (FGEO) realiza los trabajos jur\u00eddicos necesarios para obtener un resultado favorable en la audiencia de control de detenci\u00f3n y comunicaci\u00f3n de imputaci\u00f3n que se desarrolla desde el 25 de agosto del a\u00f1o en curso contra cuatro personas a quienes se ejecut\u00f3 orden de aprehensi\u00f3n por su probable responsabilidad en el homicidio de una mujer identificada por las iniciales F. A. H. U. (Flor Abigail), cuyo cuerpo sin vida fue encontrado en la comandancia municipal de Salina Cruz el pasado 19 de agosto de 2022.<\/p>\n\n\n\n<p>La detenci\u00f3n de los cuatro hombres sucedi\u00f3 el mi\u00e9rcoles 24 de agosto de 2022, en atenci\u00f3n al mandato judicial emitido por un juez, derivado de la Carpeta de Investigaci\u00f3n 28868\/FIST\/SALINA\/2022 iniciada por el delito de homicidio.<\/p>\n\n\n\n<p>Las cuatro personas del sexo masculino fueron trasladadas -por razones de seguridad- a los Valles Centrales en donde se realiza la audiencia respectiva y, en tanto se resuelva su situaci\u00f3n jur\u00eddica,&nbsp; permanecen en prisi\u00f3n preventiva a disposici\u00f3n del Juez.<\/p>\n\n\n\n<p>Los hechos criminales sucedieron la noche del 19 de agosto de 2022, cuando la FGEO -a trav\u00e9s de la Vicefiscal\u00eda Regional del Istmo- despleg\u00f3 a su equipo multidisciplinario y acudi\u00f3 a la comandancia de la polic\u00eda municipal de Salina Cruz, donde localizaron el cuerpo sin vida de una mujer identificada como F. A. H. U.<\/p>\n\n\n\n<p>Los trabajos de investigaci\u00f3n a cargo de la FGEO se efect\u00faan desde el primer momento con perspectiva de g\u00e9nero y bajo el protocolo ministerial de feminicidio, al atender las particularidades del caso y la v\u00edctima directa.<\/p>\n\n\n\n<p>La Fiscal\u00eda de Oaxaca trabaja exhaustivamente para establecer el tipo de responsabilidad de quienes probablemente participaron en dicho homicidio, por lo que las investigaciones est\u00e1n abiertas y en curso sin descartar ninguna l\u00ednea que conduzca a la resoluci\u00f3n de caso.<\/p>\n\n\n\n<p>DETENIDO POR ROBO<\/p>\n\n\n\n<p>Por otra parte, la Fiscal\u00eda General del Estado logr\u00f3 aprehender a la persona del sexo masculino identificada como F. H. M., probable responsable del delito de robo espec\u00edfico y robo en perjuicio patrimonial de la empresa \u201cCompa\u00f1\u00eda Bronco Matateco\u201d, cometido en jurisdicci\u00f3n de Asunci\u00f3n Nochixtl\u00e1n, en la regi\u00f3n de la Mixteca.<\/p>\n\n\n\n<p>De acuerdo con la causa penal 414\/2021, el 13 de diciembre de 2021, en inmediaciones de la colonia La Era, el imputado y otros sujetos -quienes portaban armas de fuego-, sometieron al conductor y lo despojaron de una camioneta en la que se transportaban m\u00faltiples botellas de mezcal propiedad de la referida empresa.<\/p>\n\n\n\n<p>Ante este hecho, la FGEO intervino e inici\u00f3 los actos de investigaci\u00f3n correspondientes que permitieron dar con uno de los probables responsables de este delito, quien fue aprehendido el pasado 25 de agosto de 2022 y presentado ante la autoridad judicial que lo requiri\u00f3, quien determinar\u00e1 su situaci\u00f3n jur\u00eddica.<\/p>\n\n\n\n<p>OTROS DOS<\/p>\n\n\n\n<p>En otro hecho distinto, la FGEO logr\u00f3 aprehender a los masculinos identificados como J. L. H. M. y A. H. M., alias \u201cEl Chino\u201d o \u201cEl To\u00f1o\u201d, &nbsp;probables responsables del delito de equiparado al robo de veh\u00edculo, en perjuicio patrimonial de J. L. H B., cometido en Huajuapan de Le\u00f3n y cuya situaci\u00f3n jur\u00eddica se resolver\u00e1 en pr\u00f3ximas horas.<\/p>\n\n\n\n<p>La investigaci\u00f3n y seguimiento de estos casos corri\u00f3 a cargo de la Vicefiscal\u00eda Regional de la Mixteca.<\/p>\n\n\n\n<p>DETENIDO EN BC<\/p>\n\n\n\n<p>En tanto, la Fiscal\u00eda de Oaxaca logr\u00f3 aprehender a la persona del sexo masculino identificado como C. I. V., probable responsable del delito de violencia familiar en agravio de la mujer S. B. C., cometido en jurisdicci\u00f3n de Santa Mar\u00eda Huatulco, en la regi\u00f3n de la Costa.<\/p>\n\n\n\n<p>Gracias a la estrecha colaboraci\u00f3n con la Fiscal\u00eda General del Estado de Baja California con la FGEO, elementos de la Agencia Estatal de Investigaciones dieron cumplimiento a la orden de aprehensi\u00f3n en la Ciudad de Tijuana, en el Estado de Baja California -asentada en la causa penal 485\/2021- girada en contra del probable responsable en este delito.<\/p>\n\n\n\n<p>Los hechos se suscitaron el 15 de agosto de 2021 en Santa Cruz Huatulco, cuando el imputado probablemente agredi\u00f3 de manera f\u00edsica y verbal a la v\u00edctima (ex pareja), caso que tambi\u00e9n fue expuesto a trav\u00e9s de redes sociales.&nbsp;<\/p>\n\n\n\n<p>Ante este hecho, la Vicefiscal\u00eda Regional de la Costa intervino y realiz\u00f3 los actos de investigaci\u00f3n pertinentes, logrando establecer que el probable agresor radicaba en la Ciudad de Tijuana, en el Estado de Baja California, por lo que luego de ser localizado, se solicit\u00f3 la colaboraci\u00f3n de la Fiscal\u00eda General del Estado de Baja California, con lo que fue posible ejecutar la orden de aprehensi\u00f3n en su contra.<\/p>\n\n\n\n<p>El probable responsable fue asegurado por la FGEO y trasladado al Estado de Oaxaca, donde ser\u00e1 presentado ante la autoridad ministerial correspondiente, quien determinar\u00e1 su situaci\u00f3n jur\u00eddica.<\/p>\n","protected":false},"excerpt":{"rendered":"<p>Redacci\u00f3n\/Zona Roja. Oaxaca de Ju\u00e1rez, Oax., a 30 de agosto de 2022.- La Fiscal\u00eda General&hellip;<\/p>\n","protected":false},"author":2,"featured_media":45221,"comment_status":"closed","ping_status":"open","sticky":false,"template":"","format":"standard","meta":{"_lmt_disableupdate":"","_lmt_disable":"","_jetpack_memberships_contains_paid_content":false,"footnotes":""},"categories":[109,46],"tags":[494],"class_list":["post-45220","post","type-post","status-publish","format-standard","has-post-thumbnail","hentry","category-minuto-a-minuto","category-zona-blanca","tag-fiscalia-general-del-estado-de-oaxaca"],"jetpack_featured_media_url":"https:\/\/zonaroja.com.mx\/wp-content\/uploads\/2022\/08\/Detenidos-caso-Abigail-Salina-Cruz.jpg","jetpack_sharing_enabled":true,"_links":{"self":[{"href":"https:\/\/zonaroja.com.mx\/index.php?rest_route=\/wp\/v2\/posts\/45220","targetHints":{"allow":["GET"]}}],"collection":[{"href":"https:\/\/zonaroja.com.mx\/index.php?rest_route=\/wp\/v2\/posts"}],"about":[{"href":"https:\/\/zonaroja.com.mx\/index.php?rest_route=\/wp\/v2\/types\/post"}],"author":[{"embeddable":true,"href":"https:\/\/zonaroja.com.mx\/index.php?rest_route=\/wp\/v2\/users\/2"}],"replies":[{"embeddable":true,"href":"https:\/\/zonaroja.com.mx\/index.php?rest_route=%2Fwp%2Fv2%2Fcomments&post=45220"}],"version-history":[{"count":1,"href":"https:\/\/zonaroja.com.mx\/index.php?rest_route=\/wp\/v2\/posts\/45220\/revisions"}],"predecessor-version":[{"id":45222,"href":"https:\/\/zonaroja.com.mx\/index.php?rest_route=\/wp\/v2\/posts\/45220\/revisions\/45222"}],"wp:featuredmedia":[{"embeddable":true,"href":"https:\/\/zonaroja.com.mx\/index.php?rest_route=\/wp\/v2\/media\/45221"}],"wp:attachment":[{"href":"https:\/\/zonaroja.com.mx\/index.php?rest_route=%2Fwp%2Fv2%2Fmedia&parent=45220"}],"wp:term":[{"taxonomy":"category","embeddable":true,"href":"https:\/\/zonaroja.com.mx\/index.php?rest_route=%2Fwp%2Fv2%2Fcategories&post=45220"},{"taxonomy":"post_tag","embeddable":true,"href":"https:\/\/zonaroja.com.mx\/index.php?rest_route=%2Fwp%2Fv2%2Ftags&post=45220"}],"curies":[{"name":"wp","href":"https:\/\/api.w.org\/{rel}","templated":true}]}}