{"id":45223,"date":"2022-08-30T07:26:42","date_gmt":"2022-08-30T12:26:42","guid":{"rendered":"http:\/\/www.zonaroja.com.mx\/?p=45223"},"modified":"2022-08-30T07:26:44","modified_gmt":"2022-08-30T12:26:44","slug":"nombra-conatrib-a-titular-del-poder-judicial-de-oaxaca-vicepresidente-de-region-sur","status":"publish","type":"post","link":"https:\/\/zonaroja.com.mx\/?p=45223","title":{"rendered":"Nombra Conatrib a titular del Poder Judicial de Oaxaca vicepresidente de Regi\u00f3n Sur"},"content":{"rendered":"\n<p>Redacci\u00f3n\/Zona Roja.<\/p>\n\n\n\n<p>Oaxaca de Ju\u00e1rez, Oax., a 30 de agosto de 2022.- En el marco de la celebraci\u00f3n&nbsp;de la Tercera Asamblea Plenaria Ordinaria de la Comisi\u00f3n Nacional de&nbsp;Tribunales Superiores de Justicia de la Rep\u00fablica Mexicana (Conatrib),&nbsp;que tuvo como sede&nbsp;la ciudad de&nbsp;Zacatecas, el titular del Poder Judicial de Oaxaca, magistrado Eduardo Pinacho S\u00e1nchez, fue nombrado vicepresidente de la Regi\u00f3n Sur, de ese organismo que fomenta y fortalece v\u00ednculos de colaboraci\u00f3n&nbsp;en pro de mejorar la administraci\u00f3n de la justicia en el&nbsp;pa\u00eds.&nbsp;<\/p>\n\n\n\n<p>Luego de recibir esta distinci\u00f3n, el presidente del Tribunal Superior de Justicia y del Consejo de la Judicatura del Estado, refrend\u00f3 la disposici\u00f3n de su administraci\u00f3n, respecto a trabajar conjuntamente en prop\u00f3sitos que demandan un esfuerzo colectivo, incluyente y constante para generar las&nbsp;estrategias&nbsp;necesarias que consoliden una justicia con&nbsp;visi\u00f3n&nbsp;humana,&nbsp;perspectiva ind\u00edgena y&nbsp;de g\u00e9nero, as\u00ed como acorde a los retos de los nuevos tiempos.<\/p>\n\n\n\n<p>La Asamblea Plenaria, que se realiz\u00f3 en el emblem\u00e1tico Teatro Calder\u00f3n&nbsp;y reuni\u00f3 a&nbsp;presidentes y representantes de todos los poderes judiciales locales del pa\u00eds, fue presidida por el gobernador de Zacatecas,&nbsp;David Monreal \u00c1vila;&nbsp;el presidente de la&nbsp;Conatrib, Rafael Guerra \u00c1lvarez&nbsp;y&nbsp;el presidente del Poder Judicial del Estado de Zacatecas, Arturo Nahle Garc\u00eda.&nbsp;<\/p>\n\n\n\n<p>En su intervenci\u00f3n coincidieron en continuar privilegiando&nbsp;el di\u00e1logo, el respeto, el entendimiento y la b\u00fasqueda de acuerdos,&nbsp;en el&nbsp;trabajo conjunto a favor de la justicia&nbsp;y que en el pa\u00eds siga prevaleciendo el estado de Derecho, el equilibrio de poderes y el respeto irrestricto a la ley y los derechos humanos, en beneficio de los ciudadanos.<\/p>\n\n\n\n<p>Durante el acto inaugural, los asistentes rindieron un homenaje p\u00f3stumo a Juan \u00d3scar Trinidad Palacios, quien fue Magistrado Presidente del Poder Judicial de Chiapas.&nbsp;Adem\u00e1s de los integrantes de los poderes judiciales, acudieron diputados locales, funcionarios del Gobierno de Zacatecas, alcaldes, autoridades militares, entre otros.&nbsp;La Asamblea Plenaria tambi\u00e9n cont\u00f3 con la asistencia de la&nbsp;presidenta del Senado de la&nbsp;Rep\u00fablica, Olga S\u00e1nchez Cordero.<\/p>\n\n\n\n<p>La Vicepresidencia Regi\u00f3n Sur de la&nbsp;Conatrib&nbsp;comprende los estados de Chiapas, Guerrero, Oaxaca y Veracruz.<\/p>\n","protected":false},"excerpt":{"rendered":"<p>Redacci\u00f3n\/Zona Roja. Oaxaca de Ju\u00e1rez, Oax., a 30 de agosto de 2022.- En el marco&hellip;<\/p>\n","protected":false},"author":2,"featured_media":45224,"comment_status":"closed","ping_status":"open","sticky":false,"template":"","format":"standard","meta":{"_lmt_disableupdate":"","_lmt_disable":"","_jetpack_memberships_contains_paid_content":false,"footnotes":""},"categories":[109,46],"tags":[223],"class_list":["post-45223","post","type-post","status-publish","format-standard","has-post-thumbnail","hentry","category-minuto-a-minuto","category-zona-blanca","tag-poder-judicial-de-oaxaca"],"jetpack_featured_media_url":"https:\/\/zonaroja.com.mx\/wp-content\/uploads\/2022\/08\/El-magistrado-Eduardo-Pinacho-Sanchez-rindio-protesta.jpg","jetpack_sharing_enabled":true,"_links":{"self":[{"href":"https:\/\/zonaroja.com.mx\/index.php?rest_route=\/wp\/v2\/posts\/45223","targetHints":{"allow":["GET"]}}],"collection":[{"href":"https:\/\/zonaroja.com.mx\/index.php?rest_route=\/wp\/v2\/posts"}],"about":[{"href":"https:\/\/zonaroja.com.mx\/index.php?rest_route=\/wp\/v2\/types\/post"}],"author":[{"embeddable":true,"href":"https:\/\/zonaroja.com.mx\/index.php?rest_route=\/wp\/v2\/users\/2"}],"replies":[{"embeddable":true,"href":"https:\/\/zonaroja.com.mx\/index.php?rest_route=%2Fwp%2Fv2%2Fcomments&post=45223"}],"version-history":[{"count":1,"href":"https:\/\/zonaroja.com.mx\/index.php?rest_route=\/wp\/v2\/posts\/45223\/revisions"}],"predecessor-version":[{"id":45225,"href":"https:\/\/zonaroja.com.mx\/index.php?rest_route=\/wp\/v2\/posts\/45223\/revisions\/45225"}],"wp:featuredmedia":[{"embeddable":true,"href":"https:\/\/zonaroja.com.mx\/index.php?rest_route=\/wp\/v2\/media\/45224"}],"wp:attachment":[{"href":"https:\/\/zonaroja.com.mx\/index.php?rest_route=%2Fwp%2Fv2%2Fmedia&parent=45223"}],"wp:term":[{"taxonomy":"category","embeddable":true,"href":"https:\/\/zonaroja.com.mx\/index.php?rest_route=%2Fwp%2Fv2%2Fcategories&post=45223"},{"taxonomy":"post_tag","embeddable":true,"href":"https:\/\/zonaroja.com.mx\/index.php?rest_route=%2Fwp%2Fv2%2Ftags&post=45223"}],"curies":[{"name":"wp","href":"https:\/\/api.w.org\/{rel}","templated":true}]}}