{"id":45226,"date":"2022-08-30T08:05:58","date_gmt":"2022-08-30T13:05:58","guid":{"rendered":"http:\/\/www.zonaroja.com.mx\/?p=45226"},"modified":"2022-08-30T08:06:00","modified_gmt":"2022-08-30T13:06:00","slug":"indagan-a-integrantes-de-confederacion-joven-por-lavado-de-dinero","status":"publish","type":"post","link":"https:\/\/zonaroja.com.mx\/?p=45226","title":{"rendered":"Indagan a integrantes de Confederaci\u00f3n Joven por lavado de dinero"},"content":{"rendered":"\n<p>Redacci\u00f3n\/Zona Roja.<\/p>\n\n\n\n<p>Oaxaca de Ju\u00e1rez, Oax., a 30 de agosto de 2022.- Tres integrantes de la organizaci\u00f3n de transportistas Confederaci\u00f3n Joven (conocida como CATEM Joven) son investigados por lavado de dinero y portaci\u00f3n de arma de fuego sin permiso.<\/p>\n\n\n\n<p>Los imputados son Jos\u00e9 Manuel L. C., Leonardo Enrique C. N., y Jes\u00fas G. R., quienes fueron detenidos el pasado jueves 25 de agosto en la avenida S\u00edmbolos Patrios, jurisdicci\u00f3n de San Agust\u00edn de las Juntas, cerca del crucero del aeropuerto.<\/p>\n\n\n\n<p>Como se inform\u00f3, los se\u00f1alados interceptaron a balazos un veh\u00edculo marca Jeep, tipo Cheroke, con blindaje, en cuyo interior hab\u00eda aproximadamente un mill\u00f3n 800 mil pesos, cuyo origen a\u00fan no ha sido esclarecido.<\/p>\n\n\n\n<p>Presuntamente los iban a asaltar pero despu\u00e9s precisaron que el dinero era de ellos y supuestamente pago de una obra que ejecutan en la zona. Tras los hechos la Fiscal\u00eda General del Estado los detuvo y por lo cual abri\u00f3 la Carpeta de Investigaci\u00f3n 29626\/FVCE\/Oaxaca\/2022.<\/p>\n\n\n\n<p>Entre las l\u00edneas que se indagan se encuentran que el dinero ser\u00eda de Eduardo Luis Vilaseca y el autorrobo habr\u00eda sido ordenado desde prisi\u00f3n por los hermanos Luis Villaseca, por disputas y divisiones internas entre la familia de ese gremio de transportistas.<\/p>\n\n\n\n<p>Indagan tambi\u00e9n la relaci\u00f3n que tendr\u00eda el origen del dinero con David R. S., Carlos Abraham R. S., e Indira R. S., lo cual se confirmar\u00e1 o descartar\u00e1, conforme avancen las investigaciones de la Fiscal\u00eda General del Estado.<\/p>\n","protected":false},"excerpt":{"rendered":"<p>Redacci\u00f3n\/Zona Roja. Oaxaca de Ju\u00e1rez, Oax., a 30 de agosto de 2022.- Tres integrantes de&hellip;<\/p>\n","protected":false},"author":2,"featured_media":45227,"comment_status":"closed","ping_status":"open","sticky":false,"template":"","format":"standard","meta":{"_lmt_disableupdate":"","_lmt_disable":"","_jetpack_memberships_contains_paid_content":false,"footnotes":""},"categories":[109,47],"tags":[3244],"class_list":["post-45226","post","type-post","status-publish","format-standard","has-post-thumbnail","hentry","category-minuto-a-minuto","category-zona-gris","tag-confederacion-joven-transportistas"],"jetpack_featured_media_url":"https:\/\/zonaroja.com.mx\/wp-content\/uploads\/2022\/08\/Detenidos-Simbolos-Patrios-Confederacion-Joven.jpeg","jetpack_sharing_enabled":true,"_links":{"self":[{"href":"https:\/\/zonaroja.com.mx\/index.php?rest_route=\/wp\/v2\/posts\/45226","targetHints":{"allow":["GET"]}}],"collection":[{"href":"https:\/\/zonaroja.com.mx\/index.php?rest_route=\/wp\/v2\/posts"}],"about":[{"href":"https:\/\/zonaroja.com.mx\/index.php?rest_route=\/wp\/v2\/types\/post"}],"author":[{"embeddable":true,"href":"https:\/\/zonaroja.com.mx\/index.php?rest_route=\/wp\/v2\/users\/2"}],"replies":[{"embeddable":true,"href":"https:\/\/zonaroja.com.mx\/index.php?rest_route=%2Fwp%2Fv2%2Fcomments&post=45226"}],"version-history":[{"count":1,"href":"https:\/\/zonaroja.com.mx\/index.php?rest_route=\/wp\/v2\/posts\/45226\/revisions"}],"predecessor-version":[{"id":45228,"href":"https:\/\/zonaroja.com.mx\/index.php?rest_route=\/wp\/v2\/posts\/45226\/revisions\/45228"}],"wp:featuredmedia":[{"embeddable":true,"href":"https:\/\/zonaroja.com.mx\/index.php?rest_route=\/wp\/v2\/media\/45227"}],"wp:attachment":[{"href":"https:\/\/zonaroja.com.mx\/index.php?rest_route=%2Fwp%2Fv2%2Fmedia&parent=45226"}],"wp:term":[{"taxonomy":"category","embeddable":true,"href":"https:\/\/zonaroja.com.mx\/index.php?rest_route=%2Fwp%2Fv2%2Fcategories&post=45226"},{"taxonomy":"post_tag","embeddable":true,"href":"https:\/\/zonaroja.com.mx\/index.php?rest_route=%2Fwp%2Fv2%2Ftags&post=45226"}],"curies":[{"name":"wp","href":"https:\/\/api.w.org\/{rel}","templated":true}]}}