{"id":45233,"date":"2022-08-30T13:16:51","date_gmt":"2022-08-30T18:16:51","guid":{"rendered":"https:\/\/www.zonaroja.com.mx\/?p=45233"},"modified":"2022-08-30T19:51:28","modified_gmt":"2022-08-31T00:51:28","slug":"empresa-refresquera-gugar-demanda-mil-103-mdp-para-irse-de-coyotepec","status":"publish","type":"post","link":"https:\/\/zonaroja.com.mx\/?p=45233","title":{"rendered":"Empresa refresquera Gugar demanda mil 103 mdp para irse de Coyotepec"},"content":{"rendered":"\n<p>Yuridiana Sosa\/ Zona Roja.<\/p>\n\n\n\n<p>Oaxaca de Ju\u00e1rez, Oax., a 30 de agosto de 2022.- Para finiquitar el juicio legal que la comunidad de San Bartolo Coyotepec sostiene contra la empresa refres &nbsp;Gugar desde hace 15 a\u00f1os, por explotaci\u00f3n de mantos acu\u00edferos y ocupaci\u00f3n de predios comunales, el corporativo demanda un pago de mil 103 millones de pesos para irse de este municipio de los Valles Centrales de Oaxaca.<\/p>\n\n\n\n<p>Frente a un largo proceso, cargado a favor de la empresa, la asamblea comunitaria determin\u00f3 el pasado 28 de agosto la clausura de la empresa y la recuperaci\u00f3n pac\u00edfica de 14 hect\u00e1reas comunales, el pr\u00f3ximo 5 de septiembre, donde se instal\u00f3 la planta envasadora y refresquera, de origen oaxaque\u00f1o.<\/p>\n\n\n\n<p>En conferencia de prensa, autoridades comunales, municipales y poblaci\u00f3n afectada, apuntaron que mientras la empresa de se beneficia de la extracci\u00f3n del agua, la poblaci\u00f3n cada a\u00f1o sufre m\u00e1s por el suministro del agua.&nbsp;<\/p>\n\n\n\n<p>La comunidad apunt\u00f3 que no est\u00e1n dispuestos a pagar un solo peso a la empresa, misma que lleg\u00f3 en 2002 con enga\u00f1os para permitir su instalaci\u00f3n, con la propuesta que s\u00f3lo ser\u00eda una planta de realizaci\u00f3n de tapa roscas.<\/p>\n\n\n\n<p>Al percatarse la comunidad de que se trataba de una planta envasadora de agua y refrescos, inici\u00f3 en 2007 un juicio legal y agrario para la recuperaci\u00f3n de sus tierras.<\/p>\n\n\n\n<p>Sin embargo, en el transcurso de este tiempo el proceso ha sido manipulado y entrampado en diversas ocasiones; en dos ocasiones, el fallo sobre la posesi\u00f3n del terreno ha sido a favor de la comunidad, pero, aun as\u00ed, la empresa contin\u00faa actividades e interponiendo recursos.<\/p>\n\n\n\n<p>A m\u00e1s de una d\u00e9cada del proceso, la poblaci\u00f3n indic\u00f3 que se encuentran, posiblemente, en la etapa final, pero desconf\u00edan en los peritos de la Fiscal\u00eda General de la Rep\u00fablica y del Tribunal Unitario Agrario.<\/p>\n\n\n\n<figure class=\"wp-block-embed is-type-rich is-provider-twitter wp-block-embed-twitter\"><div class=\"wp-block-embed__wrapper\">\n<div class=\"twitter-tweet\"><blockquote class=\"twitter-tweet\" data-lang=\"es\"><p lang=\"es\" dir=\"ltr\">San Bartolo Coyotepec, Oax., a 30 de agosto de 2022.- La asamblea comunitaria reitera su rechazo a la empresa refresquera Gugar, as\u00ed como su determinaci\u00f3n de expulsarla, por extracci\u00f3n ilegal de agua.<br>Transmisi\u00f3n \ud83d\udc47<a href=\"https:\/\/t.co\/AxL4jTjCbw\">https:\/\/t.co\/AxL4jTjCbw<\/a> <a href=\"https:\/\/t.co\/KHzsjROGFZ\">pic.twitter.com\/KHzsjROGFZ<\/a><\/p>&mdash; Zona Roja Oaxaca (@ZonaRoja_Oaxaca) <a href=\"https:\/\/twitter.com\/ZonaRoja_Oaxaca\/status\/1564638500430938115?ref_src=twsrc%5Etfw\">30 de agosto de 2022<\/a><\/blockquote><\/div>\n<\/div><\/figure>\n\n\n\n<p>Motivo por el cual demandaron la intervenci\u00f3n del presidente Andr\u00e9s Manuel L\u00f3pez Obrador para que llame a los funcionarios federales a trabajar conforme a derecho.<\/p>\n\n\n\n<p>\u201cNos est\u00e1n quitando la vida, el agua\u201d, expresaron los pobladores, quienes, adem\u00e1s, sostienen que a los campesinos tambi\u00e9n les est\u00e1n quitando el sustento al no contar con el vital l\u00edquido para la crianza de animales como actividad econ\u00f3mica.<\/p>\n\n\n\n<p>Por ello, el pr\u00f3ximo&nbsp;5 de septiembre&nbsp;llevar\u00e1n a cabo la recuperaci\u00f3n pac\u00edfica de sus tierras y la clausura de la empresa.&nbsp;<\/p>\n\n\n\n<p>El presidente municipal, Pablo Cruz Pacheco, inform\u00f3 que la empresa tiene una deuda de 11 millones de pesos con el ayuntamiento, pues desde su llegada no ha cumplido con sus impuestos a la hacienda p\u00fablica municipal, adem\u00e1s de una multa por no contribuir con las actividades comunitarias.<\/p>\n","protected":false},"excerpt":{"rendered":"<p>Yuridiana Sosa\/ Zona Roja. Oaxaca de Ju\u00e1rez, Oax., a 30 de agosto de 2022.- Para&hellip;<\/p>\n","protected":false},"author":2,"featured_media":45232,"comment_status":"closed","ping_status":"open","sticky":false,"template":"","format":"standard","meta":{"_lmt_disableupdate":"","_lmt_disable":"","_jetpack_memberships_contains_paid_content":false,"footnotes":""},"categories":[109,47],"tags":[1155],"class_list":["post-45233","post","type-post","status-publish","format-standard","has-post-thumbnail","hentry","category-minuto-a-minuto","category-zona-gris","tag-san-bartolo-coyotepec"],"jetpack_featured_media_url":"https:\/\/zonaroja.com.mx\/wp-content\/uploads\/2022\/08\/b8caaaf4-4422-4ef9-81f2-6af1736240f5.jpg","jetpack_sharing_enabled":true,"_links":{"self":[{"href":"https:\/\/zonaroja.com.mx\/index.php?rest_route=\/wp\/v2\/posts\/45233","targetHints":{"allow":["GET"]}}],"collection":[{"href":"https:\/\/zonaroja.com.mx\/index.php?rest_route=\/wp\/v2\/posts"}],"about":[{"href":"https:\/\/zonaroja.com.mx\/index.php?rest_route=\/wp\/v2\/types\/post"}],"author":[{"embeddable":true,"href":"https:\/\/zonaroja.com.mx\/index.php?rest_route=\/wp\/v2\/users\/2"}],"replies":[{"embeddable":true,"href":"https:\/\/zonaroja.com.mx\/index.php?rest_route=%2Fwp%2Fv2%2Fcomments&post=45233"}],"version-history":[{"count":2,"href":"https:\/\/zonaroja.com.mx\/index.php?rest_route=\/wp\/v2\/posts\/45233\/revisions"}],"predecessor-version":[{"id":45246,"href":"https:\/\/zonaroja.com.mx\/index.php?rest_route=\/wp\/v2\/posts\/45233\/revisions\/45246"}],"wp:featuredmedia":[{"embeddable":true,"href":"https:\/\/zonaroja.com.mx\/index.php?rest_route=\/wp\/v2\/media\/45232"}],"wp:attachment":[{"href":"https:\/\/zonaroja.com.mx\/index.php?rest_route=%2Fwp%2Fv2%2Fmedia&parent=45233"}],"wp:term":[{"taxonomy":"category","embeddable":true,"href":"https:\/\/zonaroja.com.mx\/index.php?rest_route=%2Fwp%2Fv2%2Fcategories&post=45233"},{"taxonomy":"post_tag","embeddable":true,"href":"https:\/\/zonaroja.com.mx\/index.php?rest_route=%2Fwp%2Fv2%2Ftags&post=45233"}],"curies":[{"name":"wp","href":"https:\/\/api.w.org\/{rel}","templated":true}]}}