{"id":45236,"date":"2022-08-30T17:49:04","date_gmt":"2022-08-30T22:49:04","guid":{"rendered":"https:\/\/www.zonaroja.com.mx\/?p=45236"},"modified":"2022-08-30T17:57:19","modified_gmt":"2022-08-30T22:57:19","slug":"sector-salud-de-la-region-mixteca-da-todo-su-respaldo-a-candidato-omar-de-jesus-lopez","status":"publish","type":"post","link":"https:\/\/zonaroja.com.mx\/?p=45236","title":{"rendered":"Sector salud de la regi\u00f3n Mixteca da todo su respaldo a candidato Omar de Jes\u00fas L\u00f3pez"},"content":{"rendered":"\n<p>Redacci\u00f3n\/Zona Roja.&nbsp;<\/p>\n\n\n\n<p>Oaxaca de Ju\u00e1rez, Oax., a 30 de agosto de 2022.-&nbsp;Trabajadores sindicalizados de los Servicios de Salud de Oaxaca (SSO), adscritos en la regi\u00f3n Mixteca, dieron su apoyo al candidato de la planilla \u201cGuinda\u201d, Omar de Jes\u00fas L\u00f3pez S\u00e1nchez.<\/p>\n\n\n\n<p>Durante una gira proselitista realizada por diversos hospitales, cl\u00ednicas y centros de salud de la zona, recibi\u00f3 el apoyo de trabajadores m\u00e9dicos y administrativos.<\/p>\n\n\n\n<p>En Asunci\u00f3n Nochixtl\u00e1n, visit\u00f3 las diferentes unidades de trabajo, entre ellas&nbsp; las de Atenci\u00f3n Primaria a la Salud (APS), ante quienes ofreci\u00f3 gestionar mejores condiciones de trabajo.<\/p>\n\n\n\n<p>Posteriormente en los hospitales de Huajuapan de Le\u00f3n, se entrevist\u00f3 con los trabajadores del nosocomio, a quienes present\u00f3 su proyecto de trabajo, recibiendo el respaldo de la base trabajadora.<\/p>\n\n\n\n<p>Omar Jes\u00fas L\u00f3pez S\u00e1nchez asegur\u00f3 ante los m\u00e9dicos, enfermeras y administrativos, \u201cen m\u00ed encontrar\u00e1n a un amigo que los apoyar\u00e1 y en el que pueden confiar, porque tengo la vocaci\u00f3n de servicio con integridad y car\u00e1cter\u201d.<\/p>\n\n\n\n<p>En todas y cada una de las unidades de trabajo, tuvo la oportunidad de dar a conocer su proyecto de trabajo.<\/p>\n\n\n\n<p>El candidato de la \u201cGuinda\u201d, recibi\u00f3 el respaldo de la base trabajadora, convencidos que unidos tendr\u00e1n la oportunidad de refrendar los derechos laborales que les asiste de manera justa sin distinci\u00f3n alguna.<\/p>\n\n\n\n<p>Con esto se manifiesta buen rumbo a la victoria.<\/p>\n","protected":false},"excerpt":{"rendered":"<p>Redacci\u00f3n\/Zona Roja.&nbsp; Oaxaca de Ju\u00e1rez, Oax., a 30 de agosto de 2022.-&nbsp;Trabajadores sindicalizados de los&hellip;<\/p>\n","protected":false},"author":2,"featured_media":45235,"comment_status":"closed","ping_status":"open","sticky":false,"template":"","format":"standard","meta":{"_lmt_disableupdate":"","_lmt_disable":"","_jetpack_memberships_contains_paid_content":false,"footnotes":""},"categories":[109,46],"tags":[],"class_list":["post-45236","post","type-post","status-publish","format-standard","has-post-thumbnail","hentry","category-minuto-a-minuto","category-zona-blanca"],"jetpack_featured_media_url":"https:\/\/zonaroja.com.mx\/wp-content\/uploads\/2022\/08\/8dc22a94-143f-4435-b499-b4d4929537ed.jpg","jetpack_sharing_enabled":true,"_links":{"self":[{"href":"https:\/\/zonaroja.com.mx\/index.php?rest_route=\/wp\/v2\/posts\/45236","targetHints":{"allow":["GET"]}}],"collection":[{"href":"https:\/\/zonaroja.com.mx\/index.php?rest_route=\/wp\/v2\/posts"}],"about":[{"href":"https:\/\/zonaroja.com.mx\/index.php?rest_route=\/wp\/v2\/types\/post"}],"author":[{"embeddable":true,"href":"https:\/\/zonaroja.com.mx\/index.php?rest_route=\/wp\/v2\/users\/2"}],"replies":[{"embeddable":true,"href":"https:\/\/zonaroja.com.mx\/index.php?rest_route=%2Fwp%2Fv2%2Fcomments&post=45236"}],"version-history":[{"count":1,"href":"https:\/\/zonaroja.com.mx\/index.php?rest_route=\/wp\/v2\/posts\/45236\/revisions"}],"predecessor-version":[{"id":45237,"href":"https:\/\/zonaroja.com.mx\/index.php?rest_route=\/wp\/v2\/posts\/45236\/revisions\/45237"}],"wp:featuredmedia":[{"embeddable":true,"href":"https:\/\/zonaroja.com.mx\/index.php?rest_route=\/wp\/v2\/media\/45235"}],"wp:attachment":[{"href":"https:\/\/zonaroja.com.mx\/index.php?rest_route=%2Fwp%2Fv2%2Fmedia&parent=45236"}],"wp:term":[{"taxonomy":"category","embeddable":true,"href":"https:\/\/zonaroja.com.mx\/index.php?rest_route=%2Fwp%2Fv2%2Fcategories&post=45236"},{"taxonomy":"post_tag","embeddable":true,"href":"https:\/\/zonaroja.com.mx\/index.php?rest_route=%2Fwp%2Fv2%2Ftags&post=45236"}],"curies":[{"name":"wp","href":"https:\/\/api.w.org\/{rel}","templated":true}]}}