{"id":45238,"date":"2022-08-30T19:16:55","date_gmt":"2022-08-31T00:16:55","guid":{"rendered":"http:\/\/www.zonaroja.com.mx\/?p=45238"},"modified":"2022-08-30T19:27:38","modified_gmt":"2022-08-31T00:27:38","slug":"hallan-irregularidades-en-fiscalia-de-oaxaca-en-periodo-de-ruben-vasconcelos","status":"publish","type":"post","link":"https:\/\/zonaroja.com.mx\/?p=45238","title":{"rendered":"Hallan irregularidades en Fiscal\u00eda de Oaxaca, en periodo de Rub\u00e9n Vasconcelos"},"content":{"rendered":"\n<p>Yuridianan Sosa\/Zona Roja.<\/p>\n\n\n\n<p>Oaxaca de Ju\u00e1rez, Oax., a 30 de agosto de 2022.- La Fiscal\u00eda General de Oaxaca con Rub\u00e9n Vasconcelos M\u00e9ndez al frente, funcionaba bajo un sistema de injusticia a favor del poder pol\u00edtico, econ\u00f3mico; con abusos de autoridad y relaciones de sus servidores con el crimen organizado.<\/p>\n\n\n\n<p>As\u00ed lo revel\u00f3 su titular de la Fiscal\u00eda de Oaxaca, Arturo Peimbert Calvo, durante su comparecencia ante la 64 Legislatura del Congreso del Estado, donde expuso las irregularidades en materia de justicia en la que recibi\u00f3 la dependencia en marzo de 2021, por lo que se abrieron 531 proceso administrativos ese a\u00f1o y 320 en lo que va del 2022.<\/p>\n\n\n\n<p>Dijo que los vicios dentro de esa instituci\u00f3n los conoci\u00f3 durante su gesti\u00f3n por siete a\u00f1os (2013-2022) al frente de la Deferencia de los Derechos Humanos del Pueblo de Oaxaca, desde donde se emitieron 15 recomendaciones a la Fiscal\u00eda por diversas irregularidades para impartir justicia.<\/p>\n\n\n\n<p>Entre estas, el involucramiento de agentes estatales en la comisi\u00f3n de delitos, actividad del personal ministerial en investigaciones, falta de t\u00e9cnica jur\u00eddica que deriv\u00f3 en la inejecuci\u00f3n de la acci\u00f3n penal, abuso de poder y falta de conocimientos para la integraci\u00f3n de carpetas de investigaci\u00f3n. &nbsp;<\/p>\n\n\n\n<p>Pero la Fiscal\u00eda no realiz\u00f3 acciones para transformar su actuar, acentuando con la falta de t\u00e9cnica jur\u00eddica, abuso de autoridad, inacci\u00f3n y hechos de corrupci\u00f3n, indic\u00f3 ante legisladores de la Comisi\u00f3n de Procuraci\u00f3n de Justicia.<\/p>\n\n\n\n<figure class=\"wp-block-embed is-type-rich is-provider-twitter wp-block-embed-twitter\"><div class=\"wp-block-embed__wrapper\">\n<div class=\"twitter-tweet\"><blockquote class=\"twitter-tweet\" data-lang=\"es\"><p lang=\"es\" dir=\"ltr\"><a href=\"https:\/\/twitter.com\/hashtag\/%C3%9AltimoMinuto?src=hash&amp;ref_src=twsrc%5Etfw\">#\u00daltimoMinuto<\/a> <br>Inicia la comparecencia del titular de la <a href=\"https:\/\/twitter.com\/FISCALIA_GobOax?ref_src=twsrc%5Etfw\">@FISCALIA_GobOax<\/a>, <a href=\"https:\/\/twitter.com\/PeimbertArturo?ref_src=twsrc%5Etfw\">@PeimbertArturo<\/a>, habla de las graves irregularidades que hall\u00f3 en el periodo de su antecesor, Rub\u00e9n Vasconcelos. <a href=\"https:\/\/t.co\/KOVBkdodFq\">pic.twitter.com\/KOVBkdodFq<\/a><\/p>&mdash; Zona Roja Oaxaca (@ZonaRoja_Oaxaca) <a href=\"https:\/\/twitter.com\/ZonaRoja_Oaxaca\/status\/1564670563284574212?ref_src=twsrc%5Etfw\">30 de agosto de 2022<\/a><\/blockquote><\/div>\n<\/div><\/figure>\n\n\n\n<p>CRUDA REALIDAD<\/p>\n\n\n\n<p>El fiscal de Oaxaca se\u00f1al\u00f3 que, a partir del 18 de marzo, a d\u00edas de rendir protesta, la Fiscal\u00eda inici\u00f3 con auditor\u00edas a carpetas de investigaci\u00f3n abiertas, en las que localizaron deficiencias por acci\u00f3n u omisi\u00f3n.<\/p>\n\n\n\n<p>\u201cLa deficiencia en esas investigaciones es un segundo agravio a la poblaci\u00f3n que merece justicia\u201d, se\u00f1al\u00f3 el fiscal.<\/p>\n\n\n\n<p>Ante el nuevo proceso de trabajo que implementa, reconoci\u00f3 y apunt\u00f3 varios puntos. \u201c\u00bfExiste hoy corrupci\u00f3n? S\u00ed, todav\u00eda no acabamos con ella\u201d.<\/p>\n\n\n\n<p>Revel\u00f3 que parte de los procesos de injusticia est\u00e1n manchados por el crimen organizado, con una mayor incidencia en la regi\u00f3n de la Cuenca y la Costa, donde incluso, los testigos de un hecho no se presentan por amenazas o son asesinados.<\/p>\n\n\n\n<p>\u201cEs claro que hay agentes del ministerio p\u00fablico coaligados de manera perversa con defensores de oficio, secretarios jurisdiccionales o jueces para que el derecho actu\u00e9 de manera contraria a la justicia, a favor de intereses oscuros\u201d, asever\u00f3 Peimbert Calvo.<\/p>\n\n\n\n<p>Dichos intereses saldr\u00e1n a la luz por medio de los m\u00e1s de 800 procesos administrativos que inici\u00f3 la Fiscal\u00eda desde el 2021 a la fecha.\u00a0<\/p>\n\n\n\n<figure class=\"wp-block-embed is-type-rich is-provider-twitter wp-block-embed-twitter\"><div class=\"wp-block-embed__wrapper\">\n<div class=\"twitter-tweet\"><blockquote class=\"twitter-tweet\" data-lang=\"es\"><p lang=\"es\" dir=\"ltr\"><a href=\"https:\/\/twitter.com\/hashtag\/%C3%9AltimoMinuto?src=hash&amp;ref_src=twsrc%5Etfw\">#\u00daltimoMinuto<\/a> <br>Durante su comparecencia, el fiscal <a href=\"https:\/\/twitter.com\/PeimbertArturo?ref_src=twsrc%5Etfw\">@PeimbertArturo<\/a> habl\u00f3 tambi\u00e9n de los feminicidios y homicidios de mujeres, en que detall\u00f3 las acciones y logros, entre ellos indagatorias con perspectiva de g\u00e9nero, desde el inicio. <br>Aqu\u00ed las cifras: <a href=\"https:\/\/t.co\/RlGG2KCD0v\">pic.twitter.com\/RlGG2KCD0v<\/a><\/p>&mdash; Zona Roja Oaxaca (@ZonaRoja_Oaxaca) <a href=\"https:\/\/twitter.com\/ZonaRoja_Oaxaca\/status\/1564685994397401088?ref_src=twsrc%5Etfw\">30 de agosto de 2022<\/a><\/blockquote><\/div>\n<\/div><\/figure>\n\n\n\n<p>SOBRE FEMINICIDIOS<\/p>\n\n\n\n<p>Entre otros logros alcanzados, Peimbert Calvo destac\u00f3 que el estado de Oaxaca se encuentra en la mira nacional, gracias a las 22 menciones a su trabajo en las conferencias matutinas realizadas en Palacio Nacional, varias de ellas en voz del propio presidente Andr\u00e9s Manuel L\u00f3pez Obrador.<\/p>\n\n\n\n<p>Al respecto, se\u00f1al\u00f3 que se opt\u00f3 por un nuevo modelo de gesti\u00f3n de procuraci\u00f3n de justicia, alineado al Plan Nacional de Desarrollo y con ello, se sum\u00f3 de lleno a la estrategia de Cero Impunidad impulsada por el Presidente de la Rep\u00fablica, Andr\u00e9s Manuel L\u00f3pez Obrador y en el que se estableci\u00f3 una coordinaci\u00f3n estrecha con \u00d3rganos de seguridad y procuraci\u00f3n de justicia de la Federaci\u00f3n.<\/p>\n\n\n\n<p>Respecto a los avances y resultados en las investigaciones sobre el delito de feminicidio, inform\u00f3 que, al momento de recibir la Fiscal\u00eda de Oaxaca, exist\u00eda un rezago importante en las carpetas, que incluye 219 carpetas de investigaci\u00f3n por feminicidio, con 228 v\u00edctimas, pero tambi\u00e9n 463 carpetas de investigaci\u00f3n por homicidio doloso de mujeres, con 535 v\u00edctimas.<\/p>\n\n\n\n<p>En este aspecto, el Fiscal General dio a conocer que de marzo de 2021 a julio de 2022, se iniciaron 63 carpetas de investigaci\u00f3n por feminicidio, con 68 v\u00edctimas. \u201cEn 2021 se concedieron 11 \u00f3rdenes de aprehensi\u00f3n, se obtuvieron 13 vinculaciones a proceso y 13 sentencias condenatorias, de las cuales dos fueron en el sistema tradicional. En 2022 se han obtenido 11 \u00f3rdenes de aprehensi\u00f3n, 17 vinculaciones a proceso y cinco sentencias condenatorias, de las cuales dos fueron en el sistema tradicional\u201d.<\/p>\n\n\n\n<p>De marzo de 2021 a julio de 2022, la Fiscal\u00eda atendi\u00f3 a 256 v\u00edctimas indirectas de feminicidio, de las cuales 190 fueron personas adultas y 66 ni\u00f1as, ni\u00f1os y adolescentes en orfandad, familiares de 65 v\u00edctimas directas del delito de feminicidio. Tambi\u00e9n se brind\u00f3 atenci\u00f3n a 31 v\u00edctimas directas de tentativa de feminicidio, brind\u00e1ndoles un total de 1,251 servicios.<\/p>\n\n\n\n<figure class=\"wp-block-embed is-type-rich is-provider-twitter wp-block-embed-twitter\"><div class=\"wp-block-embed__wrapper\">\n<div class=\"twitter-tweet\"><blockquote class=\"twitter-tweet\" data-lang=\"es\"><p lang=\"es\" dir=\"ltr\"><a href=\"https:\/\/twitter.com\/hashtag\/%C3%9AltimoMinuto?src=hash&amp;ref_src=twsrc%5Etfw\">#\u00daltimoMinuto<\/a> <br>Luego de tres horas, sin protestas y con escasos reclamos de legisladores, concluy\u00f3 comparecencia del titular de la <a href=\"https:\/\/twitter.com\/FISCALIA_GobOax?ref_src=twsrc%5Etfw\">@FISCALIA_GobOax<\/a>, <a href=\"https:\/\/twitter.com\/PeimbertArturo?ref_src=twsrc%5Etfw\">@PeimbertArturo<\/a>.<br>Habl\u00f3 de todos los temas solicitados, entre ellos despojo inmobiliario, como el llamado caso \u201cConzatti\u201d. Escuche: <a href=\"https:\/\/t.co\/e6kPCsotEe\">pic.twitter.com\/e6kPCsotEe<\/a><\/p>&mdash; Zona Roja Oaxaca (@ZonaRoja_Oaxaca) <a href=\"https:\/\/twitter.com\/ZonaRoja_Oaxaca\/status\/1564733787023577092?ref_src=twsrc%5Etfw\">30 de agosto de 2022<\/a><\/blockquote><\/div>\n<\/div><\/figure>\n\n\n\n<p>DESPOJO PATRIMONIAL&nbsp;<\/p>\n\n\n\n<p>Respecto al despojo de inmuebles, delitos contra el patrimonio y suplantaci\u00f3n de identidad, refiri\u00f3 que se encontraba imposibilitado de hablar en virtud de lo dispuesto en el C\u00f3digo Nacional de Procedimientos Penales, la Ley Federal de Transparencia y Acceso a la Informaci\u00f3n P\u00fablica y en la diversa jurisprudencia que al respecto ha emitido la Suprema Corte de Justicia de la Naci\u00f3n.<\/p>\n\n\n\n<p>\u201cEl tema de despojo de inmuebles representa una realidad y una mec\u00e1nica sui g\u00e9neris, que se presenta no s\u00f3lo en la capital sino en diversas ciudades del estado. En esta forma de delinquir encontramos la participaci\u00f3n de fedatarios, abogados, corredores p\u00fablicos, autoridades comunales y ejidales, autoridades registrales, autoridades municipales y en ocasiones el propio crimen organizado\u201d, plante\u00f3.<\/p>\n\n\n\n<p>En cuanto a los resultados de este rubro, de marzo de 2021 a julio de 2022, se iniciaron 1467 carpetas de investigaci\u00f3n; en 2021 se obtuvieron 24 vinculaciones a proceso y una sentencia condenatoria. En tanto que en 2022 se han obtenido 34 vinculaciones a proceso y tres sentencias condenatorias.<\/p>\n\n\n\n<p>Acerca de los casos de desaparici\u00f3n o personas no localizadas, desaparici\u00f3n forzada y desaparici\u00f3n cometida por particulares, de enero a diciembre de 2021, la FGEO recibi\u00f3 el reporte de 299 personas no localizadas a trav\u00e9s de la Unidad de B\u00fasqueda de Personas No Localizadas. De ese total se logr\u00f3 la localizaci\u00f3n de 288 personas, lo que se traduce en un 96.32% de efectividad. De las personas que fueron localizadas, 166 son mujeres y 122 hombres.<\/p>\n\n\n\n<p>En cuanto al delito de desaparici\u00f3n cometida por particulares, de marzo de 2021 a julio de 2022 se iniciaron 589 carpetas de investigaci\u00f3n, relativas a la desaparici\u00f3n de 669 personas: 291 hombres y 378 mujeres. En el mismo periodo se logr\u00f3 aprehender y vincular a proceso a 14 personas con alg\u00fan grado de responsabilidad.<\/p>\n\n\n\n<p>En casos de desaparici\u00f3n forzada, la FGEO inici\u00f3, de marzo de 2021 a julio de 2022, 16 carpetas de investigaci\u00f3n por este delito, con un total de 19 v\u00cdctimas, de las cuales 16 son hombres y tres mujeres. En estos procesos se logr\u00f3 aprehender y vincular a proceso a 11 personas.<\/p>\n\n\n\n<p>Al respecto, el Fiscal General destac\u00f3 que en el presente a\u00f1o se obtuvo la primera sentencia condenatoria por desaparici\u00f3n forzada que se ha emitido en el estado. \u201cSe trata del director de la Polic\u00eda Municipal de Loma Bonita, que fue sentenciado a 40 a\u00f1os de c\u00e1rcel y a una multa de m\u00e1s de 800 mil pesos\u201d.<\/p>\n\n\n\n<p>DESPLAZAMIENTO FORZADO<\/p>\n\n\n\n<p>En atenci\u00f3n a los casos de desplazamiento forzado de personas -en espec\u00edfico a los desplazamientos forzados derivados de la violencia en la regi\u00f3n Triqui de Copala y en el municipio de San Esteban Atatl\u00e1huca-, Peimbert Calvo aclar\u00f3 que la conciliaci\u00f3n, los acuerdos, la resoluci\u00f3n de conflictos pol\u00edticos o sociales, y el proveer lo necesario para mantener relaciones arm\u00f3nicas entre los habitantes del estado, no corresponde a la Fiscal\u00eda General del Estado, sino a la Secretar\u00eda General de Gobierno. \u201cA nosotros nos toca perseguir los delitos y eso hemos estado haciendo en ambos casos\u201d, precis\u00f3.<\/p>\n\n\n\n<p>Finalmente, en el tema de la asignaci\u00f3n irregular de veh\u00edculos consignados o asegurados, habl\u00f3 sobre el caso espec\u00edfico de un veh\u00edculo de gama alta que fue asignado de manera completamente irregular a una persona, mismo que est\u00e1 siendo investigado para establecer las responsabilidades de los funcionarios de la Fiscal\u00eda responsables, lo que implica un procedimiento interno iniciado por la Visitadur\u00eda General que puede derivar en responsabilidades penales.<\/p>\n\n\n\n<p>A su vez, se\u00f1al\u00f3 que esta pr\u00e1ctica hab\u00eda sido normalizada. \u201cHay un parque de veh\u00edculos afectos, y que en alg\u00fan momento de la historia se decidi\u00f3 entregarlos en depositar\u00eda a comunidades que carecen de recursos. Entonces se han entregado, de manera irregular a funcionarios, ayuntamientos, agencias, autoridades comunales y autoridades ejidales. A m\u00ed me llegan solicitudes incluso de diputados y entiendo perfectamente que esos veh\u00edculos pueden tener un uso m\u00e1s noble, por ejemplo, para fungir como ambulancias, que estar arrumbados o facilitando el robo y el tr\u00e1fico de partes\u201d, se\u00f1al\u00f3.<\/p>\n\n\n\n<p>Luego de atender y responder los participaciones y posicionamientos de las y los Diputados, el Fiscal General Arturo Peimbert Calvo los conmin\u00f3 -de manera respetuosa- a mantenerlo en comparecencia permanente ante esa soberan\u00eda. \u201cEstoy convencido de que la justicia debe estar al servicio del pueblo y no ser un yugo de opresi\u00f3n\u201d, finaliz\u00f3.<\/p>\n","protected":false},"excerpt":{"rendered":"<p>Yuridianan Sosa\/Zona Roja. Oaxaca de Ju\u00e1rez, Oax., a 30 de agosto de 2022.- La Fiscal\u00eda&hellip;<\/p>\n","protected":false},"author":2,"featured_media":45239,"comment_status":"closed","ping_status":"open","sticky":false,"template":"","format":"standard","meta":{"_lmt_disableupdate":"","_lmt_disable":"","_jetpack_memberships_contains_paid_content":false,"footnotes":""},"categories":[109,46],"tags":[494],"class_list":["post-45238","post","type-post","status-publish","format-standard","has-post-thumbnail","hentry","category-minuto-a-minuto","category-zona-blanca","tag-fiscalia-general-del-estado-de-oaxaca"],"jetpack_featured_media_url":"https:\/\/zonaroja.com.mx\/wp-content\/uploads\/2022\/08\/Fiscal-Arturo-Peimbert-en-comparecencia-Congreso.jpeg","jetpack_sharing_enabled":true,"_links":{"self":[{"href":"https:\/\/zonaroja.com.mx\/index.php?rest_route=\/wp\/v2\/posts\/45238","targetHints":{"allow":["GET"]}}],"collection":[{"href":"https:\/\/zonaroja.com.mx\/index.php?rest_route=\/wp\/v2\/posts"}],"about":[{"href":"https:\/\/zonaroja.com.mx\/index.php?rest_route=\/wp\/v2\/types\/post"}],"author":[{"embeddable":true,"href":"https:\/\/zonaroja.com.mx\/index.php?rest_route=\/wp\/v2\/users\/2"}],"replies":[{"embeddable":true,"href":"https:\/\/zonaroja.com.mx\/index.php?rest_route=%2Fwp%2Fv2%2Fcomments&post=45238"}],"version-history":[{"count":3,"href":"https:\/\/zonaroja.com.mx\/index.php?rest_route=\/wp\/v2\/posts\/45238\/revisions"}],"predecessor-version":[{"id":45242,"href":"https:\/\/zonaroja.com.mx\/index.php?rest_route=\/wp\/v2\/posts\/45238\/revisions\/45242"}],"wp:featuredmedia":[{"embeddable":true,"href":"https:\/\/zonaroja.com.mx\/index.php?rest_route=\/wp\/v2\/media\/45239"}],"wp:attachment":[{"href":"https:\/\/zonaroja.com.mx\/index.php?rest_route=%2Fwp%2Fv2%2Fmedia&parent=45238"}],"wp:term":[{"taxonomy":"category","embeddable":true,"href":"https:\/\/zonaroja.com.mx\/index.php?rest_route=%2Fwp%2Fv2%2Fcategories&post=45238"},{"taxonomy":"post_tag","embeddable":true,"href":"https:\/\/zonaroja.com.mx\/index.php?rest_route=%2Fwp%2Fv2%2Ftags&post=45238"}],"curies":[{"name":"wp","href":"https:\/\/api.w.org\/{rel}","templated":true}]}}