{"id":45243,"date":"2022-08-30T19:41:17","date_gmt":"2022-08-31T00:41:17","guid":{"rendered":"http:\/\/www.zonaroja.com.mx\/?p=45243"},"modified":"2022-08-30T19:41:19","modified_gmt":"2022-08-31T00:41:19","slug":"asesinan-a-madre-e-hija-en-enfrentamiento-armado-en-el-istmo-de-oaxaca","status":"publish","type":"post","link":"https:\/\/zonaroja.com.mx\/?p=45243","title":{"rendered":"Asesinan a madre e hija en enfrentamiento armado en el Istmo de Oaxaca"},"content":{"rendered":"\n<p>Redacci\u00f3n\/Zona Roja.<\/p>\n\n\n\n<p>Oaxaca de Ju\u00e1rez, Oax., a 30 de agosto de 2022.- Tras una persecuci\u00f3n y enfrentamiento armado, una madre de familia y su hija fueron asesinadas en la regi\u00f3n del Istmo de Tehuantepec, Oaxaca.<\/p>\n\n\n\n<p>De acuerdo con los primeros reportes, el ataque se registr\u00f3 alrededor de las 14:20 horas en inmediaciones de la localidad de Santa Teresa, de Santa Mar\u00eda Mixtequilla.<\/p>\n\n\n\n<p>Fue a la altura de la supercarretera al Istmo en que los tripulantes de dos veh\u00edculos realizaron detonaciones entre ellos, dejando un saldo de dos persona muertas.<\/p>\n\n\n\n<p>Se trata de un autom\u00f3vil marca Ford de color rojo que se sali\u00f3 de la cinta asf\u00e1ltica y que en el interior se encontraban los cuerpos sin vida, el otro veh\u00edculo de color verde que tom\u00f3 rumbo hacia Mixtequilla.<\/p>\n\n\n\n<p>De manera preliminar las v\u00edctimas fueron identificadas como Sandra Luz \u201cN\u201d y \u201cConcepci\u00f3n\u201d, cuyos cuerpos presentan varios impactos de arma de grueso calibre.<\/p>\n\n\n\n<p>Al lugar de los hechos, arribaron elementos de la Polic\u00eda Estatal, Polic\u00eda Municipal y de la Guardia Nacional (GN) para acordonar el \u00e1rea, mientras agentes de la Fiscal\u00eda General del Estado de Oaxaca (FGEO) realiza las pesquisas correspondientes coordinados con personal del Centro de Justicia para Mujeres (CEJUM).<\/p>\n\n\n\n<p>En tanto que personal polic\u00edaco de la Secretar\u00eda de Seguridad P\u00fablica de Oaxaca coordinados con fuerzas de seguridad federal y municipal mantienen el operativo de b\u00fasqueda de los probables agresores.<\/p>\n\n\n\n<figure class=\"wp-block-embed is-type-rich is-provider-twitter wp-block-embed-twitter\"><div class=\"wp-block-embed__wrapper\">\n<div class=\"twitter-tweet\"><blockquote class=\"twitter-tweet\" data-lang=\"es\"><p lang=\"es\" dir=\"ltr\"><a href=\"https:\/\/twitter.com\/hashtag\/%C3%9AltimoMinuto?src=hash&amp;ref_src=twsrc%5Etfw\">#\u00daltimoMinuto<\/a> <br>Una madre de familia y su hija menor de edad, identificadas como Sandra Luz y Concepci\u00f3n, fueron ejecutadas esta tarde en el tramo carretero Tehuantepec-Mixtequilla, en la regi\u00f3n del Istmo, Oaxaca. <br>Video: <a href=\"https:\/\/twitter.com\/CentroNoticiasO?ref_src=twsrc%5Etfw\">@CentroNoticiasO<\/a>. <a href=\"https:\/\/t.co\/C968eFhr3B\">pic.twitter.com\/C968eFhr3B<\/a><\/p>&mdash; Zona Roja Oaxaca (@ZonaRoja_Oaxaca) <a href=\"https:\/\/twitter.com\/ZonaRoja_Oaxaca\/status\/1564753103399829504?ref_src=twsrc%5Etfw\">30 de agosto de 2022<\/a><\/blockquote><\/div>\n<\/div><\/figure>\n","protected":false},"excerpt":{"rendered":"<p>Redacci\u00f3n\/Zona Roja. Oaxaca de Ju\u00e1rez, Oax., a 30 de agosto de 2022.- Tras una persecuci\u00f3n&hellip;<\/p>\n","protected":false},"author":2,"featured_media":45244,"comment_status":"closed","ping_status":"open","sticky":false,"template":"","format":"standard","meta":{"_lmt_disableupdate":"","_lmt_disable":"","_jetpack_memberships_contains_paid_content":false,"footnotes":""},"categories":[109,51],"tags":[2138],"class_list":["post-45243","post","type-post","status-publish","format-standard","has-post-thumbnail","hentry","category-minuto-a-minuto","category-zona-roja","tag-santa-maria-mixtequilla"],"jetpack_featured_media_url":"https:\/\/zonaroja.com.mx\/wp-content\/uploads\/2022\/08\/En-enfrentamiento-armado-asesinan-a-dos-mujeres-en-Oaxaca.jpg","jetpack_sharing_enabled":true,"_links":{"self":[{"href":"https:\/\/zonaroja.com.mx\/index.php?rest_route=\/wp\/v2\/posts\/45243","targetHints":{"allow":["GET"]}}],"collection":[{"href":"https:\/\/zonaroja.com.mx\/index.php?rest_route=\/wp\/v2\/posts"}],"about":[{"href":"https:\/\/zonaroja.com.mx\/index.php?rest_route=\/wp\/v2\/types\/post"}],"author":[{"embeddable":true,"href":"https:\/\/zonaroja.com.mx\/index.php?rest_route=\/wp\/v2\/users\/2"}],"replies":[{"embeddable":true,"href":"https:\/\/zonaroja.com.mx\/index.php?rest_route=%2Fwp%2Fv2%2Fcomments&post=45243"}],"version-history":[{"count":1,"href":"https:\/\/zonaroja.com.mx\/index.php?rest_route=\/wp\/v2\/posts\/45243\/revisions"}],"predecessor-version":[{"id":45245,"href":"https:\/\/zonaroja.com.mx\/index.php?rest_route=\/wp\/v2\/posts\/45243\/revisions\/45245"}],"wp:featuredmedia":[{"embeddable":true,"href":"https:\/\/zonaroja.com.mx\/index.php?rest_route=\/wp\/v2\/media\/45244"}],"wp:attachment":[{"href":"https:\/\/zonaroja.com.mx\/index.php?rest_route=%2Fwp%2Fv2%2Fmedia&parent=45243"}],"wp:term":[{"taxonomy":"category","embeddable":true,"href":"https:\/\/zonaroja.com.mx\/index.php?rest_route=%2Fwp%2Fv2%2Fcategories&post=45243"},{"taxonomy":"post_tag","embeddable":true,"href":"https:\/\/zonaroja.com.mx\/index.php?rest_route=%2Fwp%2Fv2%2Ftags&post=45243"}],"curies":[{"name":"wp","href":"https:\/\/api.w.org\/{rel}","templated":true}]}}