{"id":45247,"date":"2022-08-30T20:34:31","date_gmt":"2022-08-31T01:34:31","guid":{"rendered":"http:\/\/www.zonaroja.com.mx\/?p=45247"},"modified":"2022-08-30T20:34:33","modified_gmt":"2022-08-31T01:34:33","slug":"vinculan-a-proceso-a-juez-civico-y-a-comandante-policiaco-por-caso-abigail-h-u","status":"publish","type":"post","link":"https:\/\/zonaroja.com.mx\/?p=45247","title":{"rendered":"Vinculan a proceso a juez c\u00edvico y a comandante policiaco por caso Abigail H. U."},"content":{"rendered":"\n<p>Redacci\u00f3n\/Zona Roja.<\/p>\n\n\n\n<p>Oaxaca de Ju\u00e1rez, Oax., a 30 de agosto de 2022.- Un juez de la causa determin\u00f3 vincular a proceso a dos de las cuatro personas detenidas tras la muerte de Flor Abigail H. U., en una c\u00e1rcel municipal de Salina Cruz, Oaxaca.<\/p>\n\n\n\n<p>Se trata del juez c\u00edvico y del comandante de la polic\u00eda municipal, mientras que dos uniformados fueron puestos en libertad.<\/p>\n\n\n\n<p>As\u00ed lo confirm\u00f3 este martes el fiscal General del Estado, Arturo Peimber Calvo, en entrevista colectiva tras su comparecencia ante la Comisi\u00f3n Permanente de Procuraci\u00f3n de Justicia de la 65 Legislatura del Congreso del Estado.<\/p>\n\n\n\n<p>Sin embargo, la resoluci\u00f3n podr\u00eda ser impugnada por la Fiscal\u00eda, que considera que las cuatro personas detenidas debieran ser vinculadas a proceso.<\/p>\n\n\n\n<p>Flor Abigail fue detenida la tarde del 19 de agosto por polic\u00edas municipales debido a una falta administrativa, por discutir en p\u00fablico con su pareja.&nbsp;<\/p>\n\n\n\n<p>Fue llevada a los separos municipales pero supuestamente nadie se dio cuenta que presuntamente se suicidi\u00f3, con su ropa interior \u00edntima, versi\u00f3n que fue rechazada por los familiares de la joven madre de dos hijos menores de edad.<\/p>\n\n\n\n<p>Luego de tres autopsias y tras cinco d\u00edas del deceso, Flor Abigail recibi\u00f3 el sepelio correspondiente.&nbsp;<\/p>\n\n\n\n<p>En tanto que las cuatro personas, personal del ayuntamiento de Salina Cruz, fueron detenidas hace una semana, el 24 de agosto, al considerar que podr\u00edan haber actuado con omisi\u00f3n en la muerte de la joven de 30 a\u00f1os de edad.<\/p>\n","protected":false},"excerpt":{"rendered":"<p>Redacci\u00f3n\/Zona Roja. Oaxaca de Ju\u00e1rez, Oax., a 30 de agosto de 2022.- Un juez de&hellip;<\/p>\n","protected":false},"author":2,"featured_media":28423,"comment_status":"closed","ping_status":"open","sticky":false,"template":"","format":"standard","meta":{"_lmt_disableupdate":"","_lmt_disable":"","_jetpack_memberships_contains_paid_content":false,"footnotes":""},"categories":[109,47],"tags":[3234],"class_list":["post-45247","post","type-post","status-publish","format-standard","has-post-thumbnail","hentry","category-minuto-a-minuto","category-zona-gris","tag-abigail-hay-urrutia"],"jetpack_featured_media_url":"https:\/\/zonaroja.com.mx\/wp-content\/uploads\/2021\/06\/Guadalupe-Abigail-Salina-Cruz-1.jpg","jetpack_sharing_enabled":true,"_links":{"self":[{"href":"https:\/\/zonaroja.com.mx\/index.php?rest_route=\/wp\/v2\/posts\/45247","targetHints":{"allow":["GET"]}}],"collection":[{"href":"https:\/\/zonaroja.com.mx\/index.php?rest_route=\/wp\/v2\/posts"}],"about":[{"href":"https:\/\/zonaroja.com.mx\/index.php?rest_route=\/wp\/v2\/types\/post"}],"author":[{"embeddable":true,"href":"https:\/\/zonaroja.com.mx\/index.php?rest_route=\/wp\/v2\/users\/2"}],"replies":[{"embeddable":true,"href":"https:\/\/zonaroja.com.mx\/index.php?rest_route=%2Fwp%2Fv2%2Fcomments&post=45247"}],"version-history":[{"count":1,"href":"https:\/\/zonaroja.com.mx\/index.php?rest_route=\/wp\/v2\/posts\/45247\/revisions"}],"predecessor-version":[{"id":45248,"href":"https:\/\/zonaroja.com.mx\/index.php?rest_route=\/wp\/v2\/posts\/45247\/revisions\/45248"}],"wp:featuredmedia":[{"embeddable":true,"href":"https:\/\/zonaroja.com.mx\/index.php?rest_route=\/wp\/v2\/media\/28423"}],"wp:attachment":[{"href":"https:\/\/zonaroja.com.mx\/index.php?rest_route=%2Fwp%2Fv2%2Fmedia&parent=45247"}],"wp:term":[{"taxonomy":"category","embeddable":true,"href":"https:\/\/zonaroja.com.mx\/index.php?rest_route=%2Fwp%2Fv2%2Fcategories&post=45247"},{"taxonomy":"post_tag","embeddable":true,"href":"https:\/\/zonaroja.com.mx\/index.php?rest_route=%2Fwp%2Fv2%2Ftags&post=45247"}],"curies":[{"name":"wp","href":"https:\/\/api.w.org\/{rel}","templated":true}]}}