{"id":45249,"date":"2022-08-30T21:40:21","date_gmt":"2022-08-31T02:40:21","guid":{"rendered":"http:\/\/www.zonaroja.com.mx\/?p=45249"},"modified":"2022-08-30T21:40:22","modified_gmt":"2022-08-31T02:40:22","slug":"oaxaquenas-entre-las-violentadas-en-el-ambito-escolar-y-familiar-endireh","status":"publish","type":"post","link":"https:\/\/zonaroja.com.mx\/?p=45249","title":{"rendered":"Oaxaque\u00f1as, entre las violentadas en el \u00e1mbito escolar y familiar: ENDIREH"},"content":{"rendered":"\n<p>Yuridiana Sosa\/Zona Roja.<\/p>\n\n\n\n<p>Oaxaca de Ju\u00e1rez, Oax., a 30 de agosto de 2022.- Oaxaca se posicion\u00f3 entre las primeras 11 entidades del pa\u00eds donde m\u00e1s se violenta a las mujeres, se\u00f1al\u00f3 la Encuesta Nacional sobre la Din\u00e1mica de las Relaciones en los Hogares (ENDIREH) 2021.<\/p>\n\n\n\n<p>Los datos ofrecidos por el Instituto Nacional de Geograf\u00eda y Estad\u00edstica (Inegi) demostraron que la violencia contra las mujeres de Oaxaca, de 15 a\u00f1os y m\u00e1s, en el \u00e1mbito familiar en los \u00faltimos 12 meses es del 12 por ciento, ocupando el octavo lugar en la lista nacional.<\/p>\n\n\n\n<p>Tambi\u00e9n se demostr\u00f3 que este tipo de violencia aument\u00f3 en los \u00faltimos cinco a\u00f1os, pues en 2016 el resultado en este \u00e1mbito fue de 11.3.<\/p>\n\n\n\n<p>En otro de los principales espacios donde m\u00e1s se genera violencia contra las oaxaque\u00f1as es en el \u00e1mbito escolar.<\/p>\n\n\n\n<p>De acuerdo con la encuesta, el 33.6 por ciento de las mujeres en esta entidad fueron agredidas en estos lugares a lo largo de su vida, lo que ubica a Oaxaca en el lugar 11 de la lista nacional por violencia en el \u00e1mbito escolar.<\/p>\n\n\n\n<p>Por el contrario, la violencia a lo largo de la vida laboral de las mujeres en Oaxaca se ubic\u00f3 entre las cuatro entidades con la prevalencia m\u00e1s baja, con el 21.9 por ciento, report\u00f3 el ENDIREH.<\/p>\n\n\n\n<p>La misma condici\u00f3n se registr\u00f3 respecto a la violencia contra las mujeres de 15 a\u00f1os y m\u00e1s en el \u00e1mbito comunitario a lo largo de la vida, con un 35.2 por ciento en 2022, ubicando a Oaxaca como la quinta entidad con menos incidencia en este aspecto.<\/p>\n\n\n\n<p>Sin embargo, la cifra s\u00ed representa un aumento en comparaci\u00f3n a la incidencia en el a\u00f1o 2016, cuando report\u00f3 un 26.9 por ciento de casos.<\/p>\n\n\n\n<p>&nbsp;NACIONAL&nbsp;<\/p>\n\n\n\n<p>El Inegi report\u00f3 que en M\u00e9xico el 70 por ciento de las mujeres de 15 a\u00f1os y m\u00e1s han vivido al menos una situaci\u00f3n de violencia en su vida.&nbsp;<\/p>\n\n\n\n<p>La violencia psicol\u00f3gica fue la de mayor prevalencia 51.6 por ciento, seguida de la violencia sexual 49.7 por ciento.&nbsp;<\/p>\n\n\n\n<p>Ha sido en el \u00e1mbito comunitario donde han vivido m\u00e1s violencia, con el 45.6 por ciento, seguido de la relaci\u00f3n de pareja 39.9 por ciento.&nbsp;<\/p>\n","protected":false},"excerpt":{"rendered":"<p>Yuridiana Sosa\/Zona Roja. Oaxaca de Ju\u00e1rez, Oax., a 30 de agosto de 2022.- Oaxaca se&hellip;<\/p>\n","protected":false},"author":2,"featured_media":45075,"comment_status":"closed","ping_status":"open","sticky":false,"template":"","format":"standard","meta":{"_lmt_disableupdate":"","_lmt_disable":"","_jetpack_memberships_contains_paid_content":false,"footnotes":""},"categories":[109,47],"tags":[1559],"class_list":["post-45249","post","type-post","status-publish","format-standard","has-post-thumbnail","hentry","category-minuto-a-minuto","category-zona-gris","tag-violencia-mujeres-oaxaca"],"jetpack_featured_media_url":"https:\/\/zonaroja.com.mx\/wp-content\/uploads\/2022\/08\/No-mas-violencia-mujeres.jpg","jetpack_sharing_enabled":true,"_links":{"self":[{"href":"https:\/\/zonaroja.com.mx\/index.php?rest_route=\/wp\/v2\/posts\/45249","targetHints":{"allow":["GET"]}}],"collection":[{"href":"https:\/\/zonaroja.com.mx\/index.php?rest_route=\/wp\/v2\/posts"}],"about":[{"href":"https:\/\/zonaroja.com.mx\/index.php?rest_route=\/wp\/v2\/types\/post"}],"author":[{"embeddable":true,"href":"https:\/\/zonaroja.com.mx\/index.php?rest_route=\/wp\/v2\/users\/2"}],"replies":[{"embeddable":true,"href":"https:\/\/zonaroja.com.mx\/index.php?rest_route=%2Fwp%2Fv2%2Fcomments&post=45249"}],"version-history":[{"count":1,"href":"https:\/\/zonaroja.com.mx\/index.php?rest_route=\/wp\/v2\/posts\/45249\/revisions"}],"predecessor-version":[{"id":45250,"href":"https:\/\/zonaroja.com.mx\/index.php?rest_route=\/wp\/v2\/posts\/45249\/revisions\/45250"}],"wp:featuredmedia":[{"embeddable":true,"href":"https:\/\/zonaroja.com.mx\/index.php?rest_route=\/wp\/v2\/media\/45075"}],"wp:attachment":[{"href":"https:\/\/zonaroja.com.mx\/index.php?rest_route=%2Fwp%2Fv2%2Fmedia&parent=45249"}],"wp:term":[{"taxonomy":"category","embeddable":true,"href":"https:\/\/zonaroja.com.mx\/index.php?rest_route=%2Fwp%2Fv2%2Fcategories&post=45249"},{"taxonomy":"post_tag","embeddable":true,"href":"https:\/\/zonaroja.com.mx\/index.php?rest_route=%2Fwp%2Fv2%2Ftags&post=45249"}],"curies":[{"name":"wp","href":"https:\/\/api.w.org\/{rel}","templated":true}]}}