{"id":4525,"date":"2019-10-03T21:06:51","date_gmt":"2019-10-04T02:06:51","guid":{"rendered":"http:\/\/www.zonaroja.com.mx\/?p=4525"},"modified":"2019-10-03T21:14:36","modified_gmt":"2019-10-04T02:14:36","slug":"con-aval-de-morenistas-aprueba-congreso-deuda-por-16-mil-mdp","status":"publish","type":"post","link":"https:\/\/zonaroja.com.mx\/?p=4525","title":{"rendered":"Con aval de morenistas, aprueba Congreso deuda por 16 mil mdp"},"content":{"rendered":"\n<p>Redacci\u00f3n\/Zona Roja.<\/p>\n\n\n\n<p>Oaxaca de Ju\u00e1rez, Oax., 3 de octubre de\n2019.- Con el voto de la mayor\u00eda de legisladores del Partido Morena, con 32 sufragios\nfue aprobada en lo general la deuda que pidi\u00f3 el gobernador Alejandro Murat\nHinojosa, luego del en\u00e9simo cabildeo del titular de Finanzas en la sede del\nPoder Legislativo.<\/p>\n\n\n\n<p>Cerca de las ocho de la noche de este\njueves se reanud\u00f3 la sesi\u00f3n extraordinaria del pleno de la 64 Legislatura, y\ntras los votos a mano alzada, y no por tablero electr\u00f3nico, fue avalado el\nfinanciamiento por tres mil 500 millones de pesos.<\/p>\n\n\n\n<p>Asimismo, un empr\u00e9stito por 13 mil 151\nmillones de pesos para refinanciar la deuda p\u00fablica.<\/p>\n\n\n\n<p>La sesi\u00f3n extraordinaria culmin\u00f3 alrededor de las 21:00 horas luego de discutir las reservas a diversos art\u00edculos.<\/p>\n\n\n\n<p>Los legisladores que votaron en contra\nson Laura Estrada Mauro, Alejandro L\u00f3pez Bravo y Gloria S\u00e1nchez L\u00f3pez.<\/p>\n\n\n\n<p>A las 11:00 horas fue citada la\nasamblea extraordinaria, que se declar\u00f3 iniciada a las 13:00 horas, pero de\ninmediato el presidente de la Mesa Directiva, C\u00e9sar Morales Ni\u00f1o, decret\u00f3 un\nreceso.<\/p>\n\n\n\n<p>En ese lapso continuaron las reuniones\nde cabildeo que realiz\u00f3 el propio titular de Finanzas, Vicente Mendoza T\u00e9llez,\nen algunos casos de manera particular.<\/p>\n","protected":false},"excerpt":{"rendered":"<p>Redacci\u00f3n\/Zona Roja. Oaxaca de Ju\u00e1rez, Oax., 3 de octubre de 2019.- Con el voto de&hellip;<\/p>\n","protected":false},"author":2,"featured_media":4526,"comment_status":"closed","ping_status":"open","sticky":false,"template":"","format":"standard","meta":{"_lmt_disableupdate":"","_lmt_disable":"","_jetpack_memberships_contains_paid_content":false,"footnotes":""},"categories":[109,47],"tags":[213,807],"class_list":["post-4525","post","type-post","status-publish","format-standard","has-post-thumbnail","hentry","category-minuto-a-minuto","category-zona-gris","tag-64-legislatura-de-oaxaca","tag-deuda-gobernador-alejandro-murat"],"jetpack_featured_media_url":"https:\/\/zonaroja.com.mx\/wp-content\/uploads\/2019\/10\/IMG_4766.jpg","jetpack_sharing_enabled":true,"_links":{"self":[{"href":"https:\/\/zonaroja.com.mx\/index.php?rest_route=\/wp\/v2\/posts\/4525","targetHints":{"allow":["GET"]}}],"collection":[{"href":"https:\/\/zonaroja.com.mx\/index.php?rest_route=\/wp\/v2\/posts"}],"about":[{"href":"https:\/\/zonaroja.com.mx\/index.php?rest_route=\/wp\/v2\/types\/post"}],"author":[{"embeddable":true,"href":"https:\/\/zonaroja.com.mx\/index.php?rest_route=\/wp\/v2\/users\/2"}],"replies":[{"embeddable":true,"href":"https:\/\/zonaroja.com.mx\/index.php?rest_route=%2Fwp%2Fv2%2Fcomments&post=4525"}],"version-history":[{"count":2,"href":"https:\/\/zonaroja.com.mx\/index.php?rest_route=\/wp\/v2\/posts\/4525\/revisions"}],"predecessor-version":[{"id":4528,"href":"https:\/\/zonaroja.com.mx\/index.php?rest_route=\/wp\/v2\/posts\/4525\/revisions\/4528"}],"wp:featuredmedia":[{"embeddable":true,"href":"https:\/\/zonaroja.com.mx\/index.php?rest_route=\/wp\/v2\/media\/4526"}],"wp:attachment":[{"href":"https:\/\/zonaroja.com.mx\/index.php?rest_route=%2Fwp%2Fv2%2Fmedia&parent=4525"}],"wp:term":[{"taxonomy":"category","embeddable":true,"href":"https:\/\/zonaroja.com.mx\/index.php?rest_route=%2Fwp%2Fv2%2Fcategories&post=4525"},{"taxonomy":"post_tag","embeddable":true,"href":"https:\/\/zonaroja.com.mx\/index.php?rest_route=%2Fwp%2Fv2%2Ftags&post=4525"}],"curies":[{"name":"wp","href":"https:\/\/api.w.org\/{rel}","templated":true}]}}