{"id":45251,"date":"2022-08-30T22:03:21","date_gmt":"2022-08-31T03:03:21","guid":{"rendered":"http:\/\/www.zonaroja.com.mx\/?p=45251"},"modified":"2022-08-30T22:03:22","modified_gmt":"2022-08-31T03:03:22","slug":"capital-violenta-ejecutan-en-oaxaca-a-una-mujer-con-disparos-en-la-cabeza","status":"publish","type":"post","link":"https:\/\/zonaroja.com.mx\/?p=45251","title":{"rendered":"Capital violenta: ejecutan en Oaxaca a una mujer con disparos en la cabeza"},"content":{"rendered":"\n<p>Redacci\u00f3n\/Zona Roja.<\/p>\n\n\n\n<p>Oaxaca de Ju\u00e1rez, Oax., a 30 de agosto de 2022.- Una tercera mujer fue asesinada a balazos este martes en Oaxaca.&nbsp;<\/p>\n\n\n\n<p>Ocurri\u00f3 en la avenida Perif\u00e9rico de la capital, en inmediaciones de la Central de Abasto, donde sujetos armados dispararon a la cabeza en contra una femenina y al menos otras cuatro personas resultaron lesionadas.<\/p>\n\n\n\n<p>La v\u00edctima fue identificada de manera preliminar como Jazm\u00edn Areli M. H., de 28 a\u00f1os de edad; los lesionados, Mireya Marisol, de 49 a\u00f1os; Yolanda, de 48 a\u00f1os, y Jes\u00fas, de 28 a\u00f1os; otra menor de edad recibi\u00f3 un roz\u00f3n.<\/p>\n\n\n\n<p>Presuntamente fueron al menos dos sujetos a bordo de una motocicleta -presuntos integrantes de una banda de colombianos dedicados al pr\u00e9stamo- que dispararon en contra de la mujer, directamente a la cabeza, mientras que los heridos se hallaban cerca de ella.<\/p>\n\n\n\n<p>Pese a que es una zona de alta afluencia tanto de personas como de veh\u00edculos, no hab\u00eda ning\u00fan elemento de la polic\u00eda municipal y s\u00f3lo llegaron despu\u00e9s de los hechos; supuestamente realizaron operativos de b\u00fasqueda, pero sin resultados positivos hasta ahora.<\/p>\n\n\n\n<p>Como se inform\u00f3, en jurisdicci\u00f3n de Santa Mar\u00eda Mixtequilla, colindancia con Santo Domingo Tehuantepec, fueron asesinadas dos mujeres, presuntamente tras un enfrentamiento armado entre ocupantes de dos veh\u00edculos.<\/p>\n\n\n\n<p>Inicialmente se dijo que eran madre e hija, lo cual ha sido descartado; a\u00fan no se ha revelado la edad de las v\u00edctimas.<\/p>\n\n\n\n<figure class=\"wp-block-embed is-type-rich is-provider-twitter wp-block-embed-twitter\"><div class=\"wp-block-embed__wrapper\">\n<div class=\"twitter-tweet\"><blockquote class=\"twitter-tweet\" data-lang=\"es\"><p lang=\"es\" dir=\"ltr\"><a href=\"https:\/\/twitter.com\/hashtag\/%C3%9AltimoMinuto?src=hash&amp;ref_src=twsrc%5Etfw\">#\u00daltimoMinuto<\/a> <br>Cada vez m\u00e1s grave la inseguridad y la violencia en la ciudad de <a href=\"https:\/\/twitter.com\/hashtag\/Oaxaca?src=hash&amp;ref_src=twsrc%5Etfw\">#Oaxaca<\/a>, ante nula vigilancia de polic\u00edas del <a href=\"https:\/\/twitter.com\/MunicipioSeguro?ref_src=twsrc%5Etfw\">@MunicipioSeguro<\/a> y fracaso del titular, Ra\u00fal \u00c1vila. <br>Esta noche ejecutan a balazos a una mujer, en la lateral del Perif\u00e9rico, Central de Abasto. <a href=\"https:\/\/t.co\/XpBmWcu0Nu\">pic.twitter.com\/XpBmWcu0Nu<\/a><\/p>&mdash; Zona Roja Oaxaca (@ZonaRoja_Oaxaca) <a href=\"https:\/\/twitter.com\/ZonaRoja_Oaxaca\/status\/1564789938914295816?ref_src=twsrc%5Etfw\">31 de agosto de 2022<\/a><\/blockquote><\/div>\n<\/div><\/figure>\n","protected":false},"excerpt":{"rendered":"<p>Redacci\u00f3n\/Zona Roja. Oaxaca de Ju\u00e1rez, Oax., a 30 de agosto de 2022.- Una tercera mujer&hellip;<\/p>\n","protected":false},"author":2,"featured_media":45252,"comment_status":"closed","ping_status":"open","sticky":false,"template":"","format":"standard","meta":{"_lmt_disableupdate":"","_lmt_disable":"","_jetpack_memberships_contains_paid_content":false,"footnotes":""},"categories":[109,51],"tags":[148],"class_list":["post-45251","post","type-post","status-publish","format-standard","has-post-thumbnail","hentry","category-minuto-a-minuto","category-zona-roja","tag-oaxaca-de-juarez"],"jetpack_featured_media_url":"https:\/\/zonaroja.com.mx\/wp-content\/uploads\/2022\/08\/Mujer-asesinada-en-Oaxaca-Central-de-Abasto.jpg","jetpack_sharing_enabled":true,"_links":{"self":[{"href":"https:\/\/zonaroja.com.mx\/index.php?rest_route=\/wp\/v2\/posts\/45251","targetHints":{"allow":["GET"]}}],"collection":[{"href":"https:\/\/zonaroja.com.mx\/index.php?rest_route=\/wp\/v2\/posts"}],"about":[{"href":"https:\/\/zonaroja.com.mx\/index.php?rest_route=\/wp\/v2\/types\/post"}],"author":[{"embeddable":true,"href":"https:\/\/zonaroja.com.mx\/index.php?rest_route=\/wp\/v2\/users\/2"}],"replies":[{"embeddable":true,"href":"https:\/\/zonaroja.com.mx\/index.php?rest_route=%2Fwp%2Fv2%2Fcomments&post=45251"}],"version-history":[{"count":1,"href":"https:\/\/zonaroja.com.mx\/index.php?rest_route=\/wp\/v2\/posts\/45251\/revisions"}],"predecessor-version":[{"id":45253,"href":"https:\/\/zonaroja.com.mx\/index.php?rest_route=\/wp\/v2\/posts\/45251\/revisions\/45253"}],"wp:featuredmedia":[{"embeddable":true,"href":"https:\/\/zonaroja.com.mx\/index.php?rest_route=\/wp\/v2\/media\/45252"}],"wp:attachment":[{"href":"https:\/\/zonaroja.com.mx\/index.php?rest_route=%2Fwp%2Fv2%2Fmedia&parent=45251"}],"wp:term":[{"taxonomy":"category","embeddable":true,"href":"https:\/\/zonaroja.com.mx\/index.php?rest_route=%2Fwp%2Fv2%2Fcategories&post=45251"},{"taxonomy":"post_tag","embeddable":true,"href":"https:\/\/zonaroja.com.mx\/index.php?rest_route=%2Fwp%2Fv2%2Ftags&post=45251"}],"curies":[{"name":"wp","href":"https:\/\/api.w.org\/{rel}","templated":true}]}}