{"id":45254,"date":"2022-08-31T10:00:00","date_gmt":"2022-08-31T15:00:00","guid":{"rendered":"http:\/\/www.zonaroja.com.mx\/?p=45254"},"modified":"2022-08-31T06:31:05","modified_gmt":"2022-08-31T11:31:05","slug":"opinion-el-gastronomico","status":"publish","type":"post","link":"https:\/\/zonaroja.com.mx\/?p=45254","title":{"rendered":"Opini\u00f3n. El gastron\u00f3mico"},"content":{"rendered":"\n<p>N\u00e9stor Y. S\u00e1nchez Islas<\/p>\n\n\n\n<p>Una enorme lona lo&nbsp;se\u00f1alaba,&nbsp;era&nbsp;el informe de la Senadora Susana Harp. Como todo circo pol\u00edtico lo merece, un pres\u00eddium al frente, luces, sonido, enormes pantallas&nbsp;y sillas.<\/p>\n\n\n\n<p>No, no se trata de un mitin con una&nbsp;parchada&nbsp;carpa en medio&nbsp;de&nbsp;alguna plaza p\u00fablica, se trata de un acto pol\u00edtico en el reci\u00e9n inaugurado \u201cCentro Gastron\u00f3mico de Oaxaca\u201d, un espacio para la&nbsp;cocina&nbsp;oaxaque\u00f1a convertido en&nbsp;devaluado&nbsp;foro&nbsp;para la&nbsp;exhibici\u00f3n de vanidades.<\/p>\n\n\n\n<p>La legislatura anterior del Congreso local, mediante un exhorto oficial, pidi\u00f3 al mandatario no entregar esa obra para beneficio de la Canirac. Desde este espacio y desde muchos otros de las redes sociales&nbsp;se pidi\u00f3&nbsp;que no se construyera con el erario un lugar para beneficio de un peque\u00f1o grupo de&nbsp;privilegiados&nbsp;cercanos a la corte de palacio. Es obvio que ni lo ley\u00f3, ni lo escuch\u00f3 y, mucho menos, hizo caso alguno.<\/p>\n\n\n\n<p>Llamarle \u201cgastron\u00f3mico\u201d a esta colaboraci\u00f3n tiene sentido. En este momento no es un \u201cCentro Gastron\u00f3mico\u201d, solo es un mercado que, tal vez, alg\u00fan d\u00eda alcance la otra categor\u00eda. Mercados gastron\u00f3micos hay muchos. Todos los centros comerciales tienen uno en el \u00e1rea de comida. Se oferta una variedad de alimentos diferentes que le permiten a los comensales elegir el tipo de comida que desean, de manera informal e inmediata.<\/p>\n\n\n\n<p>Este modelo de mercado no es idea original de las autoridades locales de turismo. Seguro copiaron el modelo espa\u00f1ol, espec\u00edficamente&nbsp;el de&nbsp;Barcelona&nbsp;en el que hay, por lo menos cinco. El m\u00e1s famoso es \u201cLa Boquer\u00eda\u201d. Y se trata de mercados&nbsp;que existen por s\u00ed mismos, sin&nbsp;necesidad de justificaci\u00f3n ama\u00f1ada&nbsp;en una escuela.&nbsp;Las caracter\u00edsticas de los mercados est\u00e1n&nbsp;en&nbsp;su condici\u00f3n popular, nada complejo, de comidas callejeras casi siempre y con variedad de ofertas.<\/p>\n\n\n\n<p>La pol\u00edtica de la masificaci\u00f3n tur\u00edstica oaxaque\u00f1a ha recibido la cereza del pastel con este mercado. Es una obra pensada, dise\u00f1ada y construida para el turista gentrificado. Nada tiene de popular. Desde su inauguraci\u00f3n, los vecinos de los barrios cercanos lo han recorrido por curiosidad, pero seguro no han estado dispuestos a pagar $85 por tres memelas, o $120 por una torta que pueden conseguir m\u00e1s econ\u00f3micas en alg\u00fan puesto callejero.<\/p>\n\n\n\n<p>Tan&nbsp;vac\u00edo&nbsp;como el aire que recorre sus pasillos est\u00e1 este edificio, una estructura de acero, concreto y b\u00f3vedas catalanas que est\u00e1n muy lejos de lucir como los renders&nbsp;ilusos&nbsp;que mostraron a&nbsp;diputados y&nbsp;medios.&nbsp;En el&nbsp;des\u00e9rtico&nbsp;AIFA llevan&nbsp;gente con peleas de lucha libre, este solitario&nbsp;mercado&nbsp;quieran llenarlo con acarreados para m\u00edtines pol\u00edticos. Algo&nbsp;consumir\u00e1n.<\/p>\n\n\n\n<p>Hay un mensaje que no debemos&nbsp;dejar&nbsp;pasar por alto, claro y fuerte, adem\u00e1s. En el viaje&nbsp;de&nbsp;campa\u00f1a disfrazado de conferencia magistral que hizo Claudia Sheinbaum a Oaxaca no fue llevada a comer por sus anfitriones,&nbsp;el rector de la UABJO y&nbsp;el gobernador electo, al famoso \u201ccentro\u201d, fue&nbsp;invitada&nbsp;al&nbsp;mercado \u201c20 de&nbsp;Noviembre\u201d,&nbsp;recibi\u00f3 amplia difusi\u00f3n y la informaci\u00f3n hac\u00eda \u00e9nfasis en que era el lugar correcto para encontrar la&nbsp;comida t\u00edpica.<\/p>\n\n\n\n<p>El ahora foro pol\u00edtico&nbsp;y&nbsp;gastron\u00f3mico oaxaque\u00f1o dejar\u00e1 utilidades para unos pocos afortunados, pero el costo ya lo estamos pagando todos. La ciudad de Oaxaca est\u00e1 exageradamente \u201cgentrificada\u201d, los precios de los productos y servicios est\u00e1n por las nubes. Y no se limitan a lo que tenga que ver con el turismo puesto que las rentas, los taxis, los alimentos,&nbsp;el&nbsp;ADO&nbsp;o muchas otras cosas&nbsp;est\u00e1n car\u00edsimas&nbsp;solo por el hecho de ser&nbsp;ciudad&nbsp;tur\u00edstica.<\/p>\n\n\n\n<p>Casi no tiene gente, pero el dichoso lugar ya es una peque\u00f1a pesadilla a\u00fan para los mismos restauranteros que&nbsp;est\u00e1n ah\u00ed. No hay estacionamiento&nbsp;disponible y la calle tiene un carril confinado para bicicletas.&nbsp;Cosas b\u00e1sicas como ser\u00e1 la llegada de pipas de agua o gas ser\u00e1n un fastidio para la zona,&nbsp;subir o bajar equipos de sonido e iluminaci\u00f3n, subir o bajar pasaje&nbsp;y muchos otros movimiento&nbsp;de un lugar como el que se pretende.<\/p>\n\n\n\n<p>El futuro ser\u00e1&nbsp;m\u00e1s dif\u00edcil con la escuela que&nbsp;anuncian. M\u00e1s autos, m\u00e1s gente, m\u00e1s agua, m\u00e1s basura, m\u00e1s ruido. Y los alumnos ser\u00e1n&nbsp;tambi\u00e9n&nbsp;v\u00edctimas&nbsp;gentrificadas&nbsp;cuando busquen algo barato para comeren esa zona y,&nbsp;en muchas cuadras a la redonda,&nbsp;no encontrar\u00e1n alimentos al alcance de sus bolsillos.<\/p>\n\n\n\n<p>El gobierno no debe adoptar la postura empresarial de los&nbsp;privados. Todos los que ah\u00ed est\u00e1n tienen la capacidad econ\u00f3mica&nbsp;para construir&nbsp;un centro privado a todo lujo. Y est\u00e1n en su derecho y es correcto que tengan utilidades con sus negocios. El gobierno deber\u00eda haber abordado&nbsp;el tema con una visi\u00f3n m\u00e1s amplia, considerando la antropolog\u00eda, la sociolog\u00eda, la historia y hasta el aspecto qu\u00edmico y biol\u00f3gico de la cocina tradicional.<\/p>\n\n\n\n<p>Llama la atenci\u00f3n como chefs&nbsp;muy famosos a nivel mundial, uno de ellos con categor\u00eda 3 estrellas Michel\u00edn,&nbsp;cuando&nbsp;vinieron&nbsp;a Oaxaca&nbsp;fueron&nbsp;a&nbsp;los mercados y&nbsp;disfrutaron&nbsp;la comida callejera.&nbsp;Anthony Bourdain com\u00eda en mesas con manteles de hule de&nbsp;desconocidas&nbsp;fondas. Lo mismo Dabiz&nbsp;Mu\u00f1oz, sin poses ni chocanter\u00edas.<\/p>\n\n\n\n<p>Twitter @nestoryuri<\/p>\n","protected":false},"excerpt":{"rendered":"<p>N\u00e9stor Y. S\u00e1nchez Islas Una enorme lona lo&nbsp;se\u00f1alaba,&nbsp;era&nbsp;el informe de la Senadora Susana Harp. Como&hellip;<\/p>\n","protected":false},"author":2,"featured_media":41861,"comment_status":"closed","ping_status":"open","sticky":false,"template":"","format":"standard","meta":{"_lmt_disableupdate":"","_lmt_disable":"","_jetpack_memberships_contains_paid_content":false,"footnotes":""},"categories":[456,109],"tags":[3050],"class_list":["post-45254","post","type-post","status-publish","format-standard","has-post-thumbnail","hentry","category-columna","category-minuto-a-minuto","tag-nestor-yuri-sanchez"],"jetpack_featured_media_url":"https:\/\/zonaroja.com.mx\/wp-content\/uploads\/2022\/05\/Opinion-Nestor-Yuri-Sanchez-Islas.jpg","jetpack_sharing_enabled":true,"_links":{"self":[{"href":"https:\/\/zonaroja.com.mx\/index.php?rest_route=\/wp\/v2\/posts\/45254","targetHints":{"allow":["GET"]}}],"collection":[{"href":"https:\/\/zonaroja.com.mx\/index.php?rest_route=\/wp\/v2\/posts"}],"about":[{"href":"https:\/\/zonaroja.com.mx\/index.php?rest_route=\/wp\/v2\/types\/post"}],"author":[{"embeddable":true,"href":"https:\/\/zonaroja.com.mx\/index.php?rest_route=\/wp\/v2\/users\/2"}],"replies":[{"embeddable":true,"href":"https:\/\/zonaroja.com.mx\/index.php?rest_route=%2Fwp%2Fv2%2Fcomments&post=45254"}],"version-history":[{"count":1,"href":"https:\/\/zonaroja.com.mx\/index.php?rest_route=\/wp\/v2\/posts\/45254\/revisions"}],"predecessor-version":[{"id":45255,"href":"https:\/\/zonaroja.com.mx\/index.php?rest_route=\/wp\/v2\/posts\/45254\/revisions\/45255"}],"wp:featuredmedia":[{"embeddable":true,"href":"https:\/\/zonaroja.com.mx\/index.php?rest_route=\/wp\/v2\/media\/41861"}],"wp:attachment":[{"href":"https:\/\/zonaroja.com.mx\/index.php?rest_route=%2Fwp%2Fv2%2Fmedia&parent=45254"}],"wp:term":[{"taxonomy":"category","embeddable":true,"href":"https:\/\/zonaroja.com.mx\/index.php?rest_route=%2Fwp%2Fv2%2Fcategories&post=45254"},{"taxonomy":"post_tag","embeddable":true,"href":"https:\/\/zonaroja.com.mx\/index.php?rest_route=%2Fwp%2Fv2%2Ftags&post=45254"}],"curies":[{"name":"wp","href":"https:\/\/api.w.org\/{rel}","templated":true}]}}