{"id":45256,"date":"2022-08-31T14:37:00","date_gmt":"2022-08-31T19:37:00","guid":{"rendered":"http:\/\/www.zonaroja.com.mx\/?p=45256"},"modified":"2022-08-31T06:45:04","modified_gmt":"2022-08-31T11:45:04","slug":"opinion-otro-cambio-educativo-fracasado","status":"publish","type":"post","link":"https:\/\/zonaroja.com.mx\/?p=45256","title":{"rendered":"Opini\u00f3n. Otro cambio educativo fracasado"},"content":{"rendered":"\n<p>Gibr\u00e1n Ram\u00edrez Reyes*<\/p>\n\n\n\n<p>Recientemente se public\u00f3 el acuerdo que establece el nuevo plan de estudios para educaci\u00f3n preescolar, primaria y secundaria.&nbsp;<\/p>\n\n\n\n<p>En mi opini\u00f3n, se trata del testimonio de un fracaso. Al contrario de lo que podr\u00eda pensarse, no fue la oposici\u00f3n partidista, la sociedad civil ni los especialistas en educaci\u00f3n quienes propinaron este rev\u00e9s a una facci\u00f3n del gobierno lopezobradorista, sino la incapacidad de los pretendidos reformadores.&nbsp;<\/p>\n\n\n\n<p>En el acuerdo, publicado el pasado 19 de agosto en el Diario Oficial de la Federaci\u00f3n, se establece que el cambio de contenidos (cuyos programas no est\u00e1n todav\u00eda elaborados) empezar\u00e1 a \u201cpilotarse\u201d en los primeros grados de 960 escuelas.&nbsp;<\/p>\n\n\n\n<p>Se har\u00e1, seg\u00fan detall\u00f3 la todav\u00eda secretaria de Educaci\u00f3n, utilizando las mismas boletas de evaluaci\u00f3n (o sea que la necesidad de evaluar har\u00e1 que los grados no sean sustituidos por fases), sin que haya todav\u00eda programas de estudio y sin que estos programas, que se publicar\u00edan en octubre, se correspondan con nuevos libros de texto (o sea que la permanencia de los mismos libros har\u00e1 que las asignaturas no sean sustituidas por campos).&nbsp;<\/p>\n\n\n\n<p>\u00bfQu\u00e9 van a estudiar los ni\u00f1os hasta entonces?, \u00bfcu\u00e1nto tiempo y c\u00f3mo se capacitar\u00e1 a los maestros de los grupos seleccionados?, \u00bfde qu\u00e9 forma se dar\u00e1 la capacitaci\u00f3n mientras los ni\u00f1os tienen jornadas escolares regulares?, \u00bfqu\u00e9 mecanismos para retroalimentar la implementaci\u00f3n habr\u00e1 y a partir de qu\u00e9 mes se tomar\u00e1n en cuenta? No se sabe.&nbsp;<\/p>\n\n\n\n<p>Al final, el cambio de planes y programas entrar\u00e1 plenamente en vigor para los primeros grados de preescolar, primaria y secundaria hasta el inicio del ciclo 2023-2024. Es decir, la administraci\u00f3n del presidente L\u00f3pez Obrador apenas acompa\u00f1ar\u00e1 la primera parte de la implementaci\u00f3n de este cambio varias veces aplazado y hasta ahora sin pies ni cabeza.&nbsp;<\/p>\n\n\n\n<p>El principal problema del intento de reforma de los contenidos emprendido por Marx Arriaga y que hizo suyo la SEP no es su car\u00e1cter ideol\u00f3gico o una tentativa de adoctrinamiento que ha querido ver la oposici\u00f3n, obtusa hasta para indignarse.&nbsp;<\/p>\n\n\n\n<p>El principal problema es la falta de estructura, el desorden, la falta de ideas did\u00e1cticas claras. Lo ha dicho con exagerada correcci\u00f3n pol\u00edtica la Comisi\u00f3n para la mejora de la educaci\u00f3n (Mejoredu): los ejes articuladores del modelo est\u00e1n poco desarrollados y son inconexos.&nbsp;<\/p>\n\n\n\n<p>Ideas abstractas como igualdad, fomento a la lectura y pensamiento cr\u00edtico se entremezclan siendo a veces contenidos, a veces fundamentos pedag\u00f3gicos y otras lineamientos \u00e9ticos; no hay claridad en los aprendizajes esperados y la reducci\u00f3n de la sobrecarga de contenidos es una promesa que no presenta ning\u00fan viso de cumplimiento.&nbsp;<\/p>\n\n\n\n<p>Por mucho que se ajuste, adem\u00e1s, el dise\u00f1o del marco curricular es incompatible con la generaci\u00f3n de materiales como libros de texto de historia. De nada vale que, como dijo Delfina G\u00f3mez, el cambio de planes y programas se haya hecho con mucho amor.&nbsp;<\/p>\n\n\n\n<p>Las tonter\u00edas hechas con amor siguen siendo tonter\u00edas. Y a veces la fe en el amor solo las empeora. Por fortuna, este intento ha disminuido su potencial destructivo sobre la ya desvencijada escuela p\u00fablica mexicana.&nbsp;<\/p>\n\n\n\n<p>Ahora afectar\u00e1, solamente, a unos cuantos miles de ni\u00f1os en el plan piloto y, a partir de agosto de 2023, si esta vez s\u00ed lo logran, concretar\u00e1 la contribuci\u00f3n del actual gobierno al desorden educativo \u2014ese ser\u00e1 todo su legado en la materia\u2014.&nbsp;<\/p>\n\n\n\n<p>*Doctor en ciencia pol\u00edtica por la UNAM.<\/p>\n\n\n\n<p>@gibranrr&nbsp;<\/p>\n","protected":false},"excerpt":{"rendered":"<p>Gibr\u00e1n Ram\u00edrez Reyes* Recientemente se public\u00f3 el acuerdo que establece el nuevo plan de estudios&hellip;<\/p>\n","protected":false},"author":2,"featured_media":41734,"comment_status":"closed","ping_status":"open","sticky":false,"template":"","format":"standard","meta":{"_lmt_disableupdate":"","_lmt_disable":"","_jetpack_memberships_contains_paid_content":false,"footnotes":""},"categories":[456,109],"tags":[2489],"class_list":["post-45256","post","type-post","status-publish","format-standard","has-post-thumbnail","hentry","category-columna","category-minuto-a-minuto","tag-gibran-ramirez-reyes"],"jetpack_featured_media_url":"https:\/\/zonaroja.com.mx\/wp-content\/uploads\/2022\/05\/Opinion-Gibran-Ramirez-Reyes.jpg","jetpack_sharing_enabled":true,"_links":{"self":[{"href":"https:\/\/zonaroja.com.mx\/index.php?rest_route=\/wp\/v2\/posts\/45256","targetHints":{"allow":["GET"]}}],"collection":[{"href":"https:\/\/zonaroja.com.mx\/index.php?rest_route=\/wp\/v2\/posts"}],"about":[{"href":"https:\/\/zonaroja.com.mx\/index.php?rest_route=\/wp\/v2\/types\/post"}],"author":[{"embeddable":true,"href":"https:\/\/zonaroja.com.mx\/index.php?rest_route=\/wp\/v2\/users\/2"}],"replies":[{"embeddable":true,"href":"https:\/\/zonaroja.com.mx\/index.php?rest_route=%2Fwp%2Fv2%2Fcomments&post=45256"}],"version-history":[{"count":1,"href":"https:\/\/zonaroja.com.mx\/index.php?rest_route=\/wp\/v2\/posts\/45256\/revisions"}],"predecessor-version":[{"id":45257,"href":"https:\/\/zonaroja.com.mx\/index.php?rest_route=\/wp\/v2\/posts\/45256\/revisions\/45257"}],"wp:featuredmedia":[{"embeddable":true,"href":"https:\/\/zonaroja.com.mx\/index.php?rest_route=\/wp\/v2\/media\/41734"}],"wp:attachment":[{"href":"https:\/\/zonaroja.com.mx\/index.php?rest_route=%2Fwp%2Fv2%2Fmedia&parent=45256"}],"wp:term":[{"taxonomy":"category","embeddable":true,"href":"https:\/\/zonaroja.com.mx\/index.php?rest_route=%2Fwp%2Fv2%2Fcategories&post=45256"},{"taxonomy":"post_tag","embeddable":true,"href":"https:\/\/zonaroja.com.mx\/index.php?rest_route=%2Fwp%2Fv2%2Ftags&post=45256"}],"curies":[{"name":"wp","href":"https:\/\/api.w.org\/{rel}","templated":true}]}}