{"id":45258,"date":"2022-08-31T06:44:30","date_gmt":"2022-08-31T11:44:30","guid":{"rendered":"http:\/\/www.zonaroja.com.mx\/?p=45258"},"modified":"2022-08-31T06:44:31","modified_gmt":"2022-08-31T11:44:31","slug":"presentara-poder-judicial-libro-sobre-centenario-de-la-constitucion","status":"publish","type":"post","link":"https:\/\/zonaroja.com.mx\/?p=45258","title":{"rendered":"Presentar\u00e1 Poder Judicial libro sobre Centenario de la Constituci\u00f3n"},"content":{"rendered":"\n<p>Redacci\u00f3n\/Zona Roja.<\/p>\n\n\n\n<p>Oaxaca de Ju\u00e1rez, Oax., 31 de agosto de 2022.- El Poder Judicial del Estado presentar\u00e1 este jueves uno de septiembre el libro&nbsp;\u201cCentenario de la Constituci\u00f3n de Oaxaca. Estudios Acad\u00e9micos Conmemorativos\u201d, obra realizada en&nbsp;colaboraci\u00f3n con&nbsp;la editorial Tirant Lo Blanch, en la suma de esfuerzos por&nbsp;difundir la cultura jur\u00eddica y fortalecer la profesionalizaci\u00f3n del personal jurisdiccional.&nbsp;<\/p>\n\n\n\n<p>La presentaci\u00f3n&nbsp;se realizar\u00e1 a las 10:30 horas, en el auditorio \u201cBenito Ju\u00e1rez\u201d del edificio de los Juzgados Civiles y Familiares del Centro,&nbsp;ubicados en el barrio del Ex Marquesado,&nbsp;con la participaci\u00f3n&nbsp;de los&nbsp;reconocidos juristas Rodolfo Moreno Cruz y Francisco Mart\u00ednez S\u00e1nchez, as\u00ed&nbsp;como la&nbsp;directora de Tirant M\u00e9xico, Mar\u00eda Goerlich&nbsp;Le\u00f3n y&nbsp;el director de la Facultad de Derecho y Ciencias Sociales, Carlos P\u00e9rez Campos Mayoral.&nbsp;<\/p>\n\n\n\n<p>El libro que&nbsp;fue coordinado por el presidente del Tribunal Superior de Justicia y del Consejo de la Judicatura, magistrado Eduardo Pinacho S\u00e1nchez, y el profesor-investigador y consultor internacional en Materia Constitucional, Electoral y de Transparencia, doctor Ra\u00fal \u00c1vila Ortiz,&nbsp;integra la memoria escrita del&nbsp;Seminario Conmemorativo y Celebratorio del Centenario de la Constituci\u00f3n de Oaxaca de 1922.&nbsp;<\/p>\n\n\n\n<p>Dicho encuentro fue&nbsp;organizado&nbsp;en abril de este a\u00f1o&nbsp;por el Poder Judicial de Oaxaca en coordinaci\u00f3n con la Universidad Aut\u00f3noma Benito Ju\u00e1rez de Oaxaca&nbsp;(UABJO), el Instituto de Investigaciones Jur\u00eddicas de la UNAM y el Instituto Iberoamericano de Derecho Constitucional.<\/p>\n\n\n\n<p>Tirant Lo Blanch es la editorial acad\u00e9mica&nbsp;con mayor productividad en Iberoam\u00e9rica&nbsp;y la&nbsp;m\u00e1s prestigiosa de Espa\u00f1a en Humanidades y Ciencias Sociales, edita m\u00e1s de 900 libros cada a\u00f1o y mantiene una pol\u00edtica de innovaci\u00f3n de la que forma parte su expansi\u00f3n internacional.&nbsp;Con m\u00e1s 40 a\u00f1os de existencia consolida y ampl\u00eda actualmente su presencia en Latinoam\u00e9rica.<\/p>\n","protected":false},"excerpt":{"rendered":"<p>Redacci\u00f3n\/Zona Roja. Oaxaca de Ju\u00e1rez, Oax., 31 de agosto de 2022.- El Poder Judicial del&hellip;<\/p>\n","protected":false},"author":2,"featured_media":45259,"comment_status":"closed","ping_status":"open","sticky":false,"template":"","format":"standard","meta":{"_lmt_disableupdate":"","_lmt_disable":"","_jetpack_memberships_contains_paid_content":false,"footnotes":""},"categories":[109,46],"tags":[223],"class_list":["post-45258","post","type-post","status-publish","format-standard","has-post-thumbnail","hentry","category-minuto-a-minuto","category-zona-blanca","tag-poder-judicial-de-oaxaca"],"jetpack_featured_media_url":"https:\/\/zonaroja.com.mx\/wp-content\/uploads\/2022\/08\/Ejemplares-de-la-obra-fueron-entregados-a-magistrados.jpg","jetpack_sharing_enabled":true,"_links":{"self":[{"href":"https:\/\/zonaroja.com.mx\/index.php?rest_route=\/wp\/v2\/posts\/45258","targetHints":{"allow":["GET"]}}],"collection":[{"href":"https:\/\/zonaroja.com.mx\/index.php?rest_route=\/wp\/v2\/posts"}],"about":[{"href":"https:\/\/zonaroja.com.mx\/index.php?rest_route=\/wp\/v2\/types\/post"}],"author":[{"embeddable":true,"href":"https:\/\/zonaroja.com.mx\/index.php?rest_route=\/wp\/v2\/users\/2"}],"replies":[{"embeddable":true,"href":"https:\/\/zonaroja.com.mx\/index.php?rest_route=%2Fwp%2Fv2%2Fcomments&post=45258"}],"version-history":[{"count":1,"href":"https:\/\/zonaroja.com.mx\/index.php?rest_route=\/wp\/v2\/posts\/45258\/revisions"}],"predecessor-version":[{"id":45260,"href":"https:\/\/zonaroja.com.mx\/index.php?rest_route=\/wp\/v2\/posts\/45258\/revisions\/45260"}],"wp:featuredmedia":[{"embeddable":true,"href":"https:\/\/zonaroja.com.mx\/index.php?rest_route=\/wp\/v2\/media\/45259"}],"wp:attachment":[{"href":"https:\/\/zonaroja.com.mx\/index.php?rest_route=%2Fwp%2Fv2%2Fmedia&parent=45258"}],"wp:term":[{"taxonomy":"category","embeddable":true,"href":"https:\/\/zonaroja.com.mx\/index.php?rest_route=%2Fwp%2Fv2%2Fcategories&post=45258"},{"taxonomy":"post_tag","embeddable":true,"href":"https:\/\/zonaroja.com.mx\/index.php?rest_route=%2Fwp%2Fv2%2Ftags&post=45258"}],"curies":[{"name":"wp","href":"https:\/\/api.w.org\/{rel}","templated":true}]}}