{"id":45261,"date":"2022-08-31T07:22:42","date_gmt":"2022-08-31T12:22:42","guid":{"rendered":"http:\/\/www.zonaroja.com.mx\/?p=45261"},"modified":"2022-08-31T07:22:43","modified_gmt":"2022-08-31T12:22:43","slug":"califica-ieepco-nombramientos-de-autoridades-en-municipios-indigenas","status":"publish","type":"post","link":"https:\/\/zonaroja.com.mx\/?p=45261","title":{"rendered":"Califica IEEPCO nombramientos de autoridades en municipios ind\u00edgenas"},"content":{"rendered":"\n<p>Redacci\u00f3n\/Zona Roja.<\/p>\n\n\n\n<p>Oaxaca de Ju\u00e1rez, Oax., a 31 de agosto de 2022.- El Consejo General del Instituto Estatal Electoral y de Participaci\u00f3n Ciudadana de Oaxaca (IEEPCO) aprob\u00f3, por unanimidad de votos, las ponderaciones anuales de la evaluaci\u00f3n al desempe\u00f1o de las y los integrantes del Servicio Profesional Electoral Nacional (SPEN), al interior del \u00f3rgano electoral local. &nbsp;<\/p>\n\n\n\n<p>Lo anterior en sesi\u00f3n extraordinaria virtual en la que estuvo presente la consejera presidenta, Elizabeth S\u00e1nchez Gonz\u00e1lez; las consejeras electorales Carmelita Sibaja Ochoa, Jessica Jazibe Hern\u00e1ndez Garc\u00eda, Nayma Enr\u00edquez Estrada y Zaira Alhel\u00ed Hip\u00f3lito L\u00f3pez; los consejeros electorales Alejandro Carrasco Sampedro y Wilfrido Lulio Almaraz Santib\u00e1\u00f1ez; as\u00ed como las representaciones de los partidos pol\u00edticos. &nbsp;<\/p>\n\n\n\n<p>Por unanimidad de votos, el pleno calific\u00f3 como jur\u00eddicamente v\u00e1lida la decisi\u00f3n de terminaci\u00f3n anticipada de mandato de la concejal propietaria de la Regidur\u00eda de Educaci\u00f3n del Ayuntamiento del municipio de Santa Mar\u00eda Atzompa, adoptada mediante Asamblea General de fecha 08 de mayo de 2022, y, en consecuencia, tambi\u00e9n se calific\u00f3 como jur\u00eddicamente v\u00e1lida la elecci\u00f3n extraordinaria de la misma.&nbsp;<\/p>\n\n\n\n<p>En este mismo sentido se calific\u00f3 como jur\u00eddicamente v\u00e1lida la decisi\u00f3n de terminaci\u00f3n anticipada de mandato del concejal propietario de la Regidur\u00eda de Seguridad P\u00fablica del municipio antes citado, adoptada mediante Asamblea General Comunitaria de fecha 01 de mayo de 2022.&nbsp;<\/p>\n\n\n\n<p>Al respecto las consejeras electorales Carmelita Sibaja Ochoa y Zaira Alhel\u00ed Hip\u00f3lito L\u00f3pez celebraron que el Consejo General se pronuncie por un an\u00e1lisis profundo en el que se garanticen y maximicen los derechos de los pueblos y comunidades ind\u00edgenas. &nbsp;<\/p>\n\n\n\n<p>Por otro lado, el Consejo General calific\u00f3 como jur\u00eddicamente no v\u00e1lida la elecci\u00f3n ordinaria de las concejal\u00edas de Mixistl\u00e1n de la Reforma, realizada el 26 de junio e hizo un llamado respetuoso a la comunidad para que privilegien las medidas pac\u00edficas de soluci\u00f3n de controversias y fortalezcan la participaci\u00f3n pol\u00edtica de las mujeres en la conformaci\u00f3n del Cabildo, en condiciones de igualdad y libre de violencia.&nbsp;<\/p>\n\n\n\n<p>Mientras que, las consejeras y consejeros electorales calificaron como v\u00e1lidas las elecciones San Antonino el Alto, San Miguel del R\u00edo, Santa Mar\u00eda Zoquitl\u00e1n, Santo Domingo Xagac\u00eda, Santos Reyes Tepejillo, Teococuilco de Marcos P\u00e9rez y San Bartolom\u00e9 Yucua\u00f1e. &nbsp;<\/p>\n\n\n\n<p>Cabe se\u00f1alar que, en Santa Mar\u00eda Zoquitl\u00e1n destac\u00f3 el nombramiento de una mujer como presidenta municipal y la integraci\u00f3n paritaria de su Cabildo, acci\u00f3n que fue celebrada por la presidenta del IEEPCO, Elizabeth S\u00e1nchez Gonz\u00e1lez y las consejeras electorales Zaira Alhel\u00ed Hip\u00f3lito L\u00f3pez y Nayma Enr\u00edquez Estrada.&nbsp;<\/p>\n\n\n\n<p>As\u00ed mismo, reconocieron la paridad lograda en Santo Domingo Xagac\u00eda, Santos Reyes Tepejillo, as\u00ed como la significativa progresividad en la integraci\u00f3n de mujeres en los Cabildos de Teococuilco de Marcos P\u00e9rez y San Bartolom\u00e9 Yucua\u00f1e, a cuyas poblaciones y autoridades felicitaron su compromiso con la participaci\u00f3n de hombres y mujeres en igualdad de condiciones.&nbsp;<\/p>\n\n\n\n<p>Adem\u00e1s, S\u00e1nchez Gonz\u00e1lez destac\u00f3 la ardua labor en campo del personal que integra la Unidad T\u00e9cnica de Igualdad de G\u00e9nero y No Discriminaci\u00f3n, que desde el mes de mayo ha realizado foros y talleres, con el respaldo del Instituto Nacional de Pueblos Ind\u00edgenas y el Instituto Nacional de las Mujeres, por medio de los cuales se ha atendido a un aproximado de 300 municipios para promover la participaci\u00f3n de las mujeres en los nombramientos de elecciones. &nbsp;<\/p>\n\n\n\n<p>En otro orden de ideas, por unanimidad de votos se aprobaron en sus t\u00e9rminos los dict\u00e1menes que identifican los m\u00e9todos electorales de los municipios de San Juan Bautista Atatlahuca, Santiago Tillo y Santa Mar\u00eda Chimalapa, sujetos al R\u00e9gimen de Sistemas Normativos Ind\u00edgenas y, en consecuencia, se ordena su registro en este Instituto.&nbsp;<\/p>\n\n\n\n<p>Finalmente, se aprobaron en sus t\u00e9rminos las precisiones y adiciones a los Dict\u00e1menes de los municipios de San Jos\u00e9 Lachiguir\u00ed, Santa Ana del Valle, San Andr\u00e9s Teotil\u00e1lpam, San Ildefonso Amatl\u00e1n, Santa Ana Ateixtlahuaca, San Melchor Betaza, Santiago Yolom\u00e9catl, Cuyamecalco Villa De Zaragoza, San Pedro Yaneri, Santo Tom\u00e1s Ocotepec y San Pedro Sochi\u00e1pam.<\/p>\n","protected":false},"excerpt":{"rendered":"<p>Redacci\u00f3n\/Zona Roja. Oaxaca de Ju\u00e1rez, Oax., a 31 de agosto de 2022.- El Consejo General&hellip;<\/p>\n","protected":false},"author":2,"featured_media":17563,"comment_status":"closed","ping_status":"open","sticky":false,"template":"","format":"standard","meta":{"_lmt_disableupdate":"","_lmt_disable":"","_jetpack_memberships_contains_paid_content":false,"footnotes":""},"categories":[109,46],"tags":[2932],"class_list":["post-45261","post","type-post","status-publish","format-standard","has-post-thumbnail","hentry","category-minuto-a-minuto","category-zona-blanca","tag-instituto-estatal-electoral-y-de-participacion-ciudadana-de-oaxaca-ieepco"],"jetpack_featured_media_url":"https:\/\/zonaroja.com.mx\/wp-content\/uploads\/2020\/09\/Instituto-Estatal-Electoral-IEEPCO.jpg","jetpack_sharing_enabled":true,"_links":{"self":[{"href":"https:\/\/zonaroja.com.mx\/index.php?rest_route=\/wp\/v2\/posts\/45261","targetHints":{"allow":["GET"]}}],"collection":[{"href":"https:\/\/zonaroja.com.mx\/index.php?rest_route=\/wp\/v2\/posts"}],"about":[{"href":"https:\/\/zonaroja.com.mx\/index.php?rest_route=\/wp\/v2\/types\/post"}],"author":[{"embeddable":true,"href":"https:\/\/zonaroja.com.mx\/index.php?rest_route=\/wp\/v2\/users\/2"}],"replies":[{"embeddable":true,"href":"https:\/\/zonaroja.com.mx\/index.php?rest_route=%2Fwp%2Fv2%2Fcomments&post=45261"}],"version-history":[{"count":1,"href":"https:\/\/zonaroja.com.mx\/index.php?rest_route=\/wp\/v2\/posts\/45261\/revisions"}],"predecessor-version":[{"id":45262,"href":"https:\/\/zonaroja.com.mx\/index.php?rest_route=\/wp\/v2\/posts\/45261\/revisions\/45262"}],"wp:featuredmedia":[{"embeddable":true,"href":"https:\/\/zonaroja.com.mx\/index.php?rest_route=\/wp\/v2\/media\/17563"}],"wp:attachment":[{"href":"https:\/\/zonaroja.com.mx\/index.php?rest_route=%2Fwp%2Fv2%2Fmedia&parent=45261"}],"wp:term":[{"taxonomy":"category","embeddable":true,"href":"https:\/\/zonaroja.com.mx\/index.php?rest_route=%2Fwp%2Fv2%2Fcategories&post=45261"},{"taxonomy":"post_tag","embeddable":true,"href":"https:\/\/zonaroja.com.mx\/index.php?rest_route=%2Fwp%2Fv2%2Ftags&post=45261"}],"curies":[{"name":"wp","href":"https:\/\/api.w.org\/{rel}","templated":true}]}}