{"id":45263,"date":"2022-08-31T09:22:00","date_gmt":"2022-08-31T14:22:00","guid":{"rendered":"http:\/\/www.zonaroja.com.mx\/?p=45263"},"modified":"2022-08-31T07:24:50","modified_gmt":"2022-08-31T12:24:50","slug":"otra-vez-oaxaca-se-corona-en-primer-lugar-por-mas-ocupacion-laboral-inegi","status":"publish","type":"post","link":"https:\/\/zonaroja.com.mx\/?p=45263","title":{"rendered":"Otra vez, Oaxaca se corona en primer lugar por m\u00e1s ocupaci\u00f3n laboral: Inegi"},"content":{"rendered":"\n<p>Yuridiana Sosa\/ Zona Roja.<\/p>\n\n\n\n<p>Oaxaca de Ju\u00e1rez, Oax., a 31 de agosto de 2022.- La Encuesta Nacional de Ocupaci\u00f3n y Empleo, Nueva Edici\u00f3n (ENOEN), en julio de 2022, revel\u00f3 que Oaxaca ocupa el primer lugar en ocupaci\u00f3n laboral, con el 98.8 por ciento.&nbsp;<\/p>\n\n\n\n<p>Esta es la segunda ocasi\u00f3n consecutiva en este a\u00f1o en la que la entidad oaxaque\u00f1a se posiciona con la poblaci\u00f3n m\u00e1s ocupada en el pa\u00eds.<\/p>\n\n\n\n<p>La Poblaci\u00f3n Econ\u00f3micamente Activa (PEA) en julio de 2022 fue de 98.8 por ciento, lo cual representa un crecimiento respecto al segundo trimestre de este a\u00f1o (abril -junio) cuando report\u00f3 un 98.6 por ciento.<\/p>\n\n\n\n<p>Con respecto a julio de 2021, tambi\u00e9n aument\u00f3 la ocupaci\u00f3n laboral, cuando registr\u00f3 un 98.1 por ciento, a\u00f1o en que ocup\u00f3 el segundo lugar a nivel nacional.&nbsp;<\/p>\n\n\n\n<p>PANORAMA NACIONAL&nbsp;<\/p>\n\n\n\n<p>El Instituto Nacional de Estad\u00edstica y Geograf\u00eda (Inegi)&nbsp; indic\u00f3 que la tasa de participaci\u00f3n de 60 por ciento, con el 59.5 millones de personas.&nbsp;<\/p>\n\n\n\n<p>La cifra representa un aumento de 491 mil personas respecto a julio de 2021, mientras que la Poblaci\u00f3n No Econ\u00f3micamente Activa (PNEA) fue de 39.6 millones de personas, 177 mil m\u00e1s que en julio de 2021.<\/p>\n\n\n\n<p>En tanto, la poblaci\u00f3n desocupada fue de dos millones de personas y la Tasa de Desocupaci\u00f3n (TD) de 3.4 por ciento de la PEA.&nbsp;<\/p>\n\n\n\n<p>Respecto a julio de 2021, la poblaci\u00f3n desocupada descendi\u00f3 en 542 mil personas y la TD fue menor en pr\u00e1cticamente un punto porcentual.<\/p>\n","protected":false},"excerpt":{"rendered":"<p>Yuridiana Sosa\/ Zona Roja. Oaxaca de Ju\u00e1rez, Oax., a 31 de agosto de 2022.- La&hellip;<\/p>\n","protected":false},"author":2,"featured_media":34845,"comment_status":"closed","ping_status":"open","sticky":false,"template":"","format":"standard","meta":{"_lmt_disableupdate":"","_lmt_disable":"","_jetpack_memberships_contains_paid_content":false,"footnotes":""},"categories":[109,46],"tags":[1331],"class_list":["post-45263","post","type-post","status-publish","format-standard","has-post-thumbnail","hentry","category-minuto-a-minuto","category-zona-blanca","tag-instituto-nacional-de-geografia-y-estadistica-inegi"],"jetpack_featured_media_url":"https:\/\/zonaroja.com.mx\/wp-content\/uploads\/2021\/11\/Empleo-oaxaca-Mexico.jpg","jetpack_sharing_enabled":true,"_links":{"self":[{"href":"https:\/\/zonaroja.com.mx\/index.php?rest_route=\/wp\/v2\/posts\/45263","targetHints":{"allow":["GET"]}}],"collection":[{"href":"https:\/\/zonaroja.com.mx\/index.php?rest_route=\/wp\/v2\/posts"}],"about":[{"href":"https:\/\/zonaroja.com.mx\/index.php?rest_route=\/wp\/v2\/types\/post"}],"author":[{"embeddable":true,"href":"https:\/\/zonaroja.com.mx\/index.php?rest_route=\/wp\/v2\/users\/2"}],"replies":[{"embeddable":true,"href":"https:\/\/zonaroja.com.mx\/index.php?rest_route=%2Fwp%2Fv2%2Fcomments&post=45263"}],"version-history":[{"count":1,"href":"https:\/\/zonaroja.com.mx\/index.php?rest_route=\/wp\/v2\/posts\/45263\/revisions"}],"predecessor-version":[{"id":45264,"href":"https:\/\/zonaroja.com.mx\/index.php?rest_route=\/wp\/v2\/posts\/45263\/revisions\/45264"}],"wp:featuredmedia":[{"embeddable":true,"href":"https:\/\/zonaroja.com.mx\/index.php?rest_route=\/wp\/v2\/media\/34845"}],"wp:attachment":[{"href":"https:\/\/zonaroja.com.mx\/index.php?rest_route=%2Fwp%2Fv2%2Fmedia&parent=45263"}],"wp:term":[{"taxonomy":"category","embeddable":true,"href":"https:\/\/zonaroja.com.mx\/index.php?rest_route=%2Fwp%2Fv2%2Fcategories&post=45263"},{"taxonomy":"post_tag","embeddable":true,"href":"https:\/\/zonaroja.com.mx\/index.php?rest_route=%2Fwp%2Fv2%2Ftags&post=45263"}],"curies":[{"name":"wp","href":"https:\/\/api.w.org\/{rel}","templated":true}]}}