{"id":45265,"date":"2022-08-31T07:38:08","date_gmt":"2022-08-31T12:38:08","guid":{"rendered":"http:\/\/www.zonaroja.com.mx\/?p=45265"},"modified":"2022-08-31T07:38:09","modified_gmt":"2022-08-31T12:38:09","slug":"fracasa-alerta-de-genero-en-40-municipios-de-oaxaca-ges-mujer","status":"publish","type":"post","link":"https:\/\/zonaroja.com.mx\/?p=45265","title":{"rendered":"Fracasa Alerta de G\u00e9nero en 40 municipios de Oaxaca: GES Mujer"},"content":{"rendered":"\n<p>Redacci\u00f3n\/Zona Roja.<\/p>\n\n\n\n<p>Oaxaca de Ju\u00e1rez, Oax., a 31 de agosto de 2022.- A cuatro a\u00f1os de que la Secretar\u00eda de Gobernaci\u00f3n emiti\u00f3 la declaratoria de alerta por violencia de g\u00e9nero en 40 municipios de Oaxaca, el balance es negativo, pues las estrategias definidas para enfrentar y erradicar la violencia de g\u00e9nero y su manifestaci\u00f3n m\u00e1s grave, la violencia feminicida, no han dado resultados.<\/p>\n\n\n\n<p>As\u00ed lo refiri\u00f3 en un pronunciamiento p\u00fablico el Grupo de Estudios sobre la Mujer \u201cRosario Castellanos\u201d, que encabeza Ang\u00e9lica Ayala Ortiz.<\/p>\n\n\n\n<p>Expuso que las mujeres enfrentan diferentes tipos de violencia basada en su g\u00e9nero, \u00e9sta se puede expresar a trav\u00e9s de las violencias f\u00edsica, emocional, econ\u00f3mica, psicol\u00f3gica, sexual y digital, por ello se hace urgente contar con mecanismos orientados a prevenir y atender las violencias en los \u00e1mbitos privado y p\u00fablico, pues la carencia de prevenci\u00f3n y atenci\u00f3n incrementa el riesgo de ser v\u00edctimas de la violencia feminicida.<\/p>\n\n\n\n<p>A nivel estatal, 676 ni\u00f1as y mujeres han sido v\u00edctimas de asesinatos violentos, de los cuales 461 han ocurrido despu\u00e9s de la declaratoria de Alerta por Violencia de G\u00e9nero (AVG).&nbsp;<\/p>\n\n\n\n<p>Las regiones m\u00e1s violentas son el Istmo, la Costa y los Valles Centrales, de las cuales la regi\u00f3n del Istmo se ha mantenido a lo largo de todo el sexenio, como la m\u00e1s violenta para las ni\u00f1as y mujeres, solo en el 2022 representa el 29% de la violencia feminicida.<\/p>\n\n\n\n<p>Una de las recomendaciones de la AVG con la cual se podr\u00edan focalizar pol\u00edticas p\u00fablicas de prevenci\u00f3n, ha sido realizar un mapeo de los delitos cometidos en contra de las mujeres, particularmente feminicidios, homicidios culposos, violencia sexual, desapariciones de ni\u00f1as y mujeres y sus tentativas, pues con estos datos se eval\u00faa el nivel de gravedad de violencia de g\u00e9nero existente.<\/p>\n\n\n\n<p>Contar con un an\u00e1lisis del contexto de violencia comunitaria, de delincuencia organizada, violencia social, as\u00ed como la presencia de militares en las regiones, ha colocado la proliferaci\u00f3n descontrolada de armas de fuego en el estado, la cual ha generado que a\u00f1o con a\u00f1o se incremente el asesinato violento de ni\u00f1as y mujeres con \u00e9stas armas, llegando al 2022 a representar un 78%.&nbsp;<\/p>\n\n\n\n<p>Esta situaci\u00f3n es un elemento sensible a considerar debido a que incrementa el riesgo de la violencia feminicida en Oaxaca.&nbsp;<\/p>\n\n\n\n<p>\u201cEn la regi\u00f3n del Istmo, el reciente e indignante caso de Abigail en Salina Cruz, es un claro ejemplo de las alarmantes limitaciones que tienen las autoridades para comprender la violencia de g\u00e9nero a nivel municipal y que bien puede reflejar lo que sucede con los Consejos Municipales en el estado\u201d, refiri\u00f3.<\/p>\n\n\n\n<p>Por principio, en el caso de Abigail fue detenida argumentando un \u201cdelito administrativo\u201d por discutir con su pareja, cuando en realidad estaba siendo v\u00edctima de violencia de g\u00e9nero, la cual no pudo ser identificada por los elementos de la polic\u00eda, ni tampoco por el juez c\u00edvico.&nbsp;<\/p>\n\n\n\n<p>\u201cLamentablemente la falta de capacitaci\u00f3n de las corporaciones policiacas, es uno de los factores por los cuales las mujeres que viven violencia no son atendidas ni protegidos sus derechos, no tienen una perspectiva de g\u00e9nero que les permita hacer intervenciones eficientes\u201d.<\/p>\n\n\n\n<p>Adem\u00e1s, de acuerdo a testimonios de su familia, ella ya hab\u00eda denunciado a su pareja por violencia f\u00edsica y psicol\u00f3gica, incluso ten\u00eda una orden de protecci\u00f3n, a la cual, como desafortunadamente sucede, no se le dio seguimiento por parte de las autoridades.&nbsp;<\/p>\n\n\n\n<p>Al respecto existen infinidad de casos a nivel estatal, en el que las instituciones que tienen dentro de sus responsabilidades investigar y sancionar las violencias de g\u00e9nero no lo hacen, se abren las carpetas de investigaci\u00f3n para posteriormente convertirse simplemente en una estad\u00edstica a la cual no se da seguimiento, lo que explica que las&nbsp; mujeres se mantengan en riesgo, porque cuando se logra obtener una orden de protecci\u00f3n, tampoco tiene efecto en su protecci\u00f3n.<\/p>\n\n\n\n<p>A partir de la detenci\u00f3n con excesivo uso de la fuerza, Abigail enfrenta otra violencia institucional, que se suma a la falta de un protocolo para la retenci\u00f3n con apego a los derechos humanos, para finalmente, como lamentablemente tambi\u00e9n sucede, pretender que su muerte fue por suicidio para encubrir un feminicidio.<\/p>\n\n\n\n<p>\u201cEl caso de Abigail se torn\u00f3 medi\u00e1tico porque la familia acus\u00f3 de asesinato a la polic\u00eda, pues se neg\u00f3 a aceptar la versi\u00f3n oficial de suicidio, pero ella fue v\u00edctima de feminicidio, de un crimen de estado, pues act\u00fao el sistema patriarcal que le neg\u00f3 sus derechos a la integridad, la libertad y la vida, incumpliendo sus obligaciones de proteger sus derechos\u201d, detall\u00f3 GES Mujer.<\/p>\n\n\n\n<p>\u201c\u00bfCu\u00e1ntas de las 461 v\u00edctimas de la violencia feminicida en Oaxaca desde la declaratoria de la AVG han denunciado las m\u00faltiples violencias frente a una autoridad, polic\u00eda, ministerio p\u00fablico, juez, o con una abogada o psic\u00f3loga de las unidades de g\u00e9nero, de las instancias de las mujeres, fiscal\u00edas o de los sistemas de seguridad p\u00fablica que no atienden una orden de protecci\u00f3n, sin que \u00e9stas hayan identificado el riesgo de la violencia feminicida y actuado en consecuencia?\u201d.&nbsp;&nbsp;<\/p>\n\n\n\n<p>Esta falta de atenci\u00f3n explica la violencia feminicida, hay causas que se pueden identificar y atender de manera preventiva, vidas que pudieron ser salvadas, pero las instituciones encargadas de procurar y administrar la justicia ha fallado continuamente en proteger a las mujeres.<\/p>\n\n\n\n<p>Adem\u00e1s la carencia de albergues y refugios, que fue otra recomendaci\u00f3n de la AVG, deja a las mujeres en situaci\u00f3n de violencia, desprotegidas ante una violencia machista de su pareja, la cual tambi\u00e9n atraviesa a los sistemas de prevenci\u00f3n, atenci\u00f3n y sanci\u00f3n a la violencia de g\u00e9nero.<\/p>\n\n\n\n<p>Otro elemento que contribuye a entender los indignantes datos de violencia de g\u00e9nero y violencia feminicida, son los altos niveles de impunidad que provocan en las mujeres desconfianza en su propio sistema de justicia y en los agresores la certeza de que no ser\u00e1n sancionados.<\/p>\n\n\n\n<p>FEMINICIDIO INFANTIL<\/p>\n\n\n\n<p>El feminicidio infantil es definido como la muerte de una ni\u00f1a o adolescente menor de 18 a\u00f1os, se considera feminicidio debido a que presupone una relaci\u00f3n de subordinaci\u00f3n cuando las v\u00edctimas son menores de edad, adem\u00e1s del estado de indefensi\u00f3n, desprotecci\u00f3n real o incapacidad que imposibilite su defensa.<\/p>\n\n\n\n<p>La Ley General de Derechos de Ni\u00f1as, Ni\u00f1os y Adolescentes establece el derecho de acceso a una vida libre de violencia y a la integridad personal, sin embargo, este derecho no ha sido respetado para 72 ni\u00f1as y adolescentes asesinadas de manera violenta.&nbsp;<\/p>\n\n\n\n<p>Estos datos, m\u00e1s que estad\u00edsticas, representan vidas arrebatadas, indignaci\u00f3n y dolor para sus familias, una muestra de ineficiencia por parte de las instituciones encargadas de su protecci\u00f3n y como sociedad un atentado contra nuestro futuro.<\/p>\n\n\n\n<p>De acuerdo al Monitoreo de GES Mujer, el feminicidio infantil ha tenido un incremento durante el 2022, representando un 15% de la totalidad de casos.&nbsp; De los cuales el 9% correspondi\u00f3 a ni\u00f1as de 0 a 12 a\u00f1os, y el 6% a adolescentes menores de 18 a\u00f1os.<\/p>\n\n\n\n<p>El caso de Alondra, una adolescente afromexicana que acudi\u00f3 a una festividad en la comunidad de San Juan Bautista Lo Soto, que es reportada como desaparecida para posteriormente ser localizada sin vida, es otra demostraci\u00f3n de omisiones y negligencias en la aplicaci\u00f3n de protocolos para la localizaci\u00f3n de ni\u00f1as y mujeres desaparecidas, que forma parte de las recomendaciones de la declaratoria de AVG que desafortunadamente tampoco ha dado resultados.&nbsp;&nbsp;<\/p>\n\n\n\n<p>La desaparici\u00f3n de ni\u00f1as y mujeres es un dato relevante, actuar de manera profesional y de manera expedita puede salvar vidas, en el caso de Alondra fue la familia la que procedi\u00f3 a su b\u00fasqueda.&nbsp;<\/p>\n\n\n\n<p>En los casos de desaparici\u00f3n de ni\u00f1as y mujeres las familias se enfrentan a omisiones, las revictimizan y finalmente cuando son localizadas como v\u00edctimas de feminicidio, la gran mayor\u00eda inicia un largo camino donde las negligencias y la impunidad son la constante.<\/p>\n\n\n\n<p>La violencia feminicida es la consecuencia de factores estructurales, donde el machismo y la misoginia se expresa en las relaciones de pareja, pero tambi\u00e9n est\u00e1 presente en las instancias de atenci\u00f3n y de procuraci\u00f3n de justicia, que no solo ha mostrado incapacidad para atender las violencias por raz\u00f3n de g\u00e9nero sino que las revictimiza de m\u00faltiples formas.<\/p>\n\n\n\n<p>Dos fiscales durante&nbsp; la declaratoria de AVG y contin\u00faan las mismas pr\u00e1cticas de actuaci\u00f3n omisas y\/o negligentes, investigaciones carentes de una perspectiva de g\u00e9nero o la clara intenci\u00f3n de ocultar o minimizar la violencia feminicida, as\u00ed como la revictimizaci\u00f3n de las familias que exigen justicia, son factores que explican el fracaso de la aplicaci\u00f3n de la AVG a cuatro a\u00f1o de haberse declarado.<\/p>\n","protected":false},"excerpt":{"rendered":"<p>Redacci\u00f3n\/Zona Roja. Oaxaca de Ju\u00e1rez, Oax., a 31 de agosto de 2022.- A cuatro a\u00f1os&hellip;<\/p>\n","protected":false},"author":2,"featured_media":42810,"comment_status":"closed","ping_status":"open","sticky":false,"template":"","format":"standard","meta":{"_lmt_disableupdate":"","_lmt_disable":"","_jetpack_memberships_contains_paid_content":false,"footnotes":""},"categories":[109,47],"tags":[524],"class_list":["post-45265","post","type-post","status-publish","format-standard","has-post-thumbnail","hentry","category-minuto-a-minuto","category-zona-gris","tag-ges-mujer"],"jetpack_featured_media_url":"https:\/\/zonaroja.com.mx\/wp-content\/uploads\/2022\/06\/Violencia-asesinato-mujeres-Oaxaca-feminicidio.jpeg","jetpack_sharing_enabled":true,"_links":{"self":[{"href":"https:\/\/zonaroja.com.mx\/index.php?rest_route=\/wp\/v2\/posts\/45265","targetHints":{"allow":["GET"]}}],"collection":[{"href":"https:\/\/zonaroja.com.mx\/index.php?rest_route=\/wp\/v2\/posts"}],"about":[{"href":"https:\/\/zonaroja.com.mx\/index.php?rest_route=\/wp\/v2\/types\/post"}],"author":[{"embeddable":true,"href":"https:\/\/zonaroja.com.mx\/index.php?rest_route=\/wp\/v2\/users\/2"}],"replies":[{"embeddable":true,"href":"https:\/\/zonaroja.com.mx\/index.php?rest_route=%2Fwp%2Fv2%2Fcomments&post=45265"}],"version-history":[{"count":1,"href":"https:\/\/zonaroja.com.mx\/index.php?rest_route=\/wp\/v2\/posts\/45265\/revisions"}],"predecessor-version":[{"id":45266,"href":"https:\/\/zonaroja.com.mx\/index.php?rest_route=\/wp\/v2\/posts\/45265\/revisions\/45266"}],"wp:featuredmedia":[{"embeddable":true,"href":"https:\/\/zonaroja.com.mx\/index.php?rest_route=\/wp\/v2\/media\/42810"}],"wp:attachment":[{"href":"https:\/\/zonaroja.com.mx\/index.php?rest_route=%2Fwp%2Fv2%2Fmedia&parent=45265"}],"wp:term":[{"taxonomy":"category","embeddable":true,"href":"https:\/\/zonaroja.com.mx\/index.php?rest_route=%2Fwp%2Fv2%2Fcategories&post=45265"},{"taxonomy":"post_tag","embeddable":true,"href":"https:\/\/zonaroja.com.mx\/index.php?rest_route=%2Fwp%2Fv2%2Ftags&post=45265"}],"curies":[{"name":"wp","href":"https:\/\/api.w.org\/{rel}","templated":true}]}}