{"id":45274,"date":"2022-08-31T15:36:15","date_gmt":"2022-08-31T20:36:15","guid":{"rendered":"https:\/\/www.zonaroja.com.mx\/?p=45274"},"modified":"2022-08-31T20:24:56","modified_gmt":"2022-09-01T01:24:56","slug":"familia-de-abigail-demanda-detencion-de-ex-pareja-seria-autor-intelectual-del-homicidio","status":"publish","type":"post","link":"https:\/\/zonaroja.com.mx\/?p=45274","title":{"rendered":"Familia de Abigail demanda detenci\u00f3n de ex pareja; ser\u00eda autor intelectual del homicidio"},"content":{"rendered":"\n<p>Yuridiana Sosa\/Zona Roja. <\/p>\n\n\n\n<p>Oaxaca de Ju\u00e1rez, Oax., 31 de agosto de 2022.- El padre de Abigail Hay Urrutia -v\u00edctima de probable feminicidio en Salina Cruz-, Jos\u00e9 Luis Hay, demand\u00f3 la detenci\u00f3n de la ex pareja de su hija, Kleiver Nazario Espinoza Hern\u00e1ndez, por su presunta responsabilidad como autor intelectual de los hechos.<\/p>\n\n\n\n<p>A 12 d\u00edas de la detenci\u00f3n y muerte de la j\u00f3ven en los separos de Salina Cruz, la familia Hay Urrutia ofreci\u00f3 una conferencia de prensa para precisar parte de los hechos, demandar que el caso no se politice y reconocer las acciones del titular de la Fiscal\u00eda General del Estado, Arturo Peimbert Calvo, para la agilidad en las indagatorias.<\/p>\n\n\n\n<p>\u00abEstoy tranquilo, pero no satisfecho\u00bb, inici\u00f3 el padre el encuentro con medios desde una sala del Congreso del Estado, donde enfatiz\u00f3 que la persona responsable de dar paso a la serie de hechos del pasado 19 de agosto se llama , Kleiver Nazario Espinoza, ex pareja de su hija, con quien tuvo un hijo, as\u00ed como faltan m\u00e1s personas detenidas involucradas en el hecho.<\/p>\n\n\n\n<p>El enojo de Espinoza Hern\u00e1ndez surge tras perder la custodia del menor y ser proveedor de una pensi\u00f3n de alimentos de 800 pesos semanales. \u00c9l quer\u00eda recuperar al hijo, por lo que planear\u00eda su detenci\u00f3n. Logrando la sustracci\u00f3n del peque\u00f1o tras la detenci\u00f3n de Abigail.<\/p>\n\n\n\n<p>Kleiver cuenta con influencias para llevar a cabo su plan, pues su padre se dedica a la seguridad privada y sostiene relaciones con la Polic\u00eda Municipal.<\/p>\n\n\n\n<figure class=\"wp-block-embed is-type-rich is-provider-twitter wp-block-embed-twitter\"><div class=\"wp-block-embed__wrapper\">\n<div class=\"twitter-tweet\"><blockquote class=\"twitter-tweet\" data-lang=\"es\"><p lang=\"es\" dir=\"ltr\"><a href=\"https:\/\/twitter.com\/hashtag\/ENVIVO?src=hash&amp;ref_src=twsrc%5Etfw\">#ENVIVO<\/a><br>Conferencia de prensa de familiares de Abigail H. U., en la sede del Congreso del Estado de Oaxaca. Piden detener a pareja de la joven; reconocen trabajo de la Fiscal\u00eda General del Estado; demandan que no se politice el caso.<br>Transmisi\u00f3n en vivo \ud83d\udc47<a href=\"https:\/\/t.co\/qn6UZU9Ca1\">https:\/\/t.co\/qn6UZU9Ca1<\/a> <a href=\"https:\/\/t.co\/nEDYHdWOmk\">pic.twitter.com\/nEDYHdWOmk<\/a><\/p>&mdash; Zona Roja Oaxaca (@ZonaRoja_Oaxaca) <a href=\"https:\/\/twitter.com\/ZonaRoja_Oaxaca\/status\/1565028584930017281?ref_src=twsrc%5Etfw\">31 de agosto de 2022<\/a><\/blockquote><\/div>\n<\/div><\/figure>\n\n\n\n<p>LOS HECHOS<\/p>\n\n\n\n<p>Don Jos\u00e9 Luis Hay recuerda que el pasado 19 de agosto, entre las 17:00 y 18:00 horas, Abigail subi\u00f3 al coche de Kleiver, con quien minutos antes hab\u00edan llegado a la casa de ella para dejar a su hijo de tres a\u00f1os, pero ante una discusi\u00f3n que sosten\u00edan la joven decide irse con \u00e9l. <\/p>\n\n\n\n<p>Tras ello, no supo nada de su hija pese a que Keliver hab\u00eda regresado por su hijo, momento en el que don Jos\u00e9 Luis le pregunt\u00f3 por Abigail, pero solo respondi\u00f3 con \u00abah\u00ed est\u00e1\u00bb, sin precisar lugar, lo cual hizo suponer al padre que se encontraba en casa de su ex pareja.<br>Fue hasta cerca de las 23:00 horas que la Polic\u00eda Municipal inform\u00f3 al padre de Abigail de su muerte. <\/p>\n\n\n\n<p>\u00abSe trataba de encerrar a mi hija para tener su libertad de ir y sustraer al beb\u00e9 y llev\u00e1rselo. Porque desde el a\u00f1o pasado siempre quiso tener la beb\u00e9\u00bb, detall\u00f3 el se\u00f1or.<\/p>\n\n\n\n<p>HOMBRE VIOLENTO <\/p>\n\n\n\n<p>El padre de Abigail reconoci\u00f3 que su hija sufr\u00eda violencia por parte de su ex pareja. \u00abEs agresivo, es violento, le pegaba a mi hija, pero mi hija lo amaba, lo quer\u00eda\u00bb. <\/p>\n\n\n\n<p>\u00abEs un peligro\u00bb , asever\u00f3 el se\u00f1or, quien exigi\u00f3 a la Fiscal\u00eda de Oaxaca la detenci\u00f3n del hombre y le devuelvan a su nieto. <br>\u00abQuiero que est\u00e9 en la c\u00e1rcel y quiero a mi  nieto, y no quiero que esto se politice\u00bb, precis\u00f3.<br>Don Jos\u00e9 Luis Hay tambi\u00e9n habl\u00f3 del dolor que siente la familia por la p\u00e9rdida de la joven madre. <\/p>\n\n\n\n<p>\u00abEs un dolor, es un sentimiento, que tengo en mi coraz\u00f3n. Es un sentimiento que tiene toda mi familia, hemos derramado l\u00e1grimas por una muchachita jovencita llena de vida, alegre, fr\u00e1gil, dulce. No merec\u00eda esto que le hicieron\u00bb. <\/p>\n","protected":false},"excerpt":{"rendered":"<p>Yuridiana Sosa\/Zona Roja. Oaxaca de Ju\u00e1rez, Oax., 31 de agosto de 2022.- El padre de&hellip;<\/p>\n","protected":false},"author":2,"featured_media":45273,"comment_status":"closed","ping_status":"open","sticky":false,"template":"","format":"standard","meta":{"_lmt_disableupdate":"","_lmt_disable":"","_jetpack_memberships_contains_paid_content":false,"footnotes":""},"categories":[109,47],"tags":[3234],"class_list":["post-45274","post","type-post","status-publish","format-standard","has-post-thumbnail","hentry","category-minuto-a-minuto","category-zona-gris","tag-abigail-hay-urrutia"],"jetpack_featured_media_url":"https:\/\/zonaroja.com.mx\/wp-content\/uploads\/2022\/08\/46b3fb8d-492e-4101-8d47-92f1cd96fe42.jpg","jetpack_sharing_enabled":true,"_links":{"self":[{"href":"https:\/\/zonaroja.com.mx\/index.php?rest_route=\/wp\/v2\/posts\/45274","targetHints":{"allow":["GET"]}}],"collection":[{"href":"https:\/\/zonaroja.com.mx\/index.php?rest_route=\/wp\/v2\/posts"}],"about":[{"href":"https:\/\/zonaroja.com.mx\/index.php?rest_route=\/wp\/v2\/types\/post"}],"author":[{"embeddable":true,"href":"https:\/\/zonaroja.com.mx\/index.php?rest_route=\/wp\/v2\/users\/2"}],"replies":[{"embeddable":true,"href":"https:\/\/zonaroja.com.mx\/index.php?rest_route=%2Fwp%2Fv2%2Fcomments&post=45274"}],"version-history":[{"count":2,"href":"https:\/\/zonaroja.com.mx\/index.php?rest_route=\/wp\/v2\/posts\/45274\/revisions"}],"predecessor-version":[{"id":45282,"href":"https:\/\/zonaroja.com.mx\/index.php?rest_route=\/wp\/v2\/posts\/45274\/revisions\/45282"}],"wp:featuredmedia":[{"embeddable":true,"href":"https:\/\/zonaroja.com.mx\/index.php?rest_route=\/wp\/v2\/media\/45273"}],"wp:attachment":[{"href":"https:\/\/zonaroja.com.mx\/index.php?rest_route=%2Fwp%2Fv2%2Fmedia&parent=45274"}],"wp:term":[{"taxonomy":"category","embeddable":true,"href":"https:\/\/zonaroja.com.mx\/index.php?rest_route=%2Fwp%2Fv2%2Fcategories&post=45274"},{"taxonomy":"post_tag","embeddable":true,"href":"https:\/\/zonaroja.com.mx\/index.php?rest_route=%2Fwp%2Fv2%2Ftags&post=45274"}],"curies":[{"name":"wp","href":"https:\/\/api.w.org\/{rel}","templated":true}]}}