{"id":45277,"date":"2022-08-31T16:50:45","date_gmt":"2022-08-31T21:50:45","guid":{"rendered":"https:\/\/www.zonaroja.com.mx\/?p=45277"},"modified":"2022-08-31T16:50:46","modified_gmt":"2022-08-31T21:50:46","slug":"agreden-con-machetes-palos-y-piedras-a-periodistas-en-oaxaca","status":"publish","type":"post","link":"https:\/\/zonaroja.com.mx\/?p=45277","title":{"rendered":"Agreden con machetes, palos y piedras a periodistas en Oaxaca"},"content":{"rendered":"\n<p>Yuridiana Sosa\/Zona Roja.<\/p>\n\n\n\n<p>Oaxaca de Ju\u00e1rez, Oax., a 31 de agosto de 2022.- La violencia contra los periodistas de Oaxaca volvi\u00f3 a registrarse este mi\u00e9rcoles, ahora desde la sede del Congreso del Estado, donde un grupo de manifestantes agredi\u00f3 a reporteros con palos, piedras y machetes.<\/p>\n\n\n\n<p>Pobladores de Santa In\u00e9s del Monte, de la regi\u00f3n Valles Centrales, golpearon, empujaron y amenazaron a los comunicadores que trataban de salir del complejo, tras asistir a una conferencia de prensa.<\/p>\n\n\n\n<p>Cerca de las 13:00 horas, los periodistas \u00c1lvaro Cuitl\u00e1huac L\u00f3pez y Mario Romero fueron rodeados, sin motivo, de forma agresiva por los habitantes, quienes les cerraron el paso para retenerlos al interior de la sede, en la que bloquearon los tres accesos para evitar la salida de sus ocupantes y con ello presionar a los diputados a ser recibidos en una mesa de di\u00e1logo.<\/p>\n\n\n\n<p>Los habitantes, presuntamente apoyados por el diputado Horacio Sosa Villavicencio, de Morena, exigen la destituci\u00f3n del presidente municipal y la aplicaci\u00f3n de recursos p\u00fablicos para sus comunidades. <\/p>\n\n\n\n<p>Desde el exterior, los agresores continuaron la ataques y lanzaron piedras a un grupo de reporteros que tambi\u00e9n qued\u00f3 retenido.<\/p>\n\n\n\n<p>Los manifestantes quedaron plenamente identificados por los c\u00e1maras de los reporteros que se encontraron en el lugar, quienes al mismo tiempo trataron de defender a sus compa\u00f1eros.<\/p>\n\n\n\n<p>Ante la agresi\u00f3n, los comunicadores advirtieron que interpondr\u00e1n las denuncias correspondientes ante la Fiscal\u00eda General de Oaxaca para que el hecho no quede impune.<\/p>\n\n\n\n<p>Dos horas m\u00e1s tarde los comunicadores pudieron salir del recinto legislativo, pero de nuevo algunos de ellos fueron amenazados por los pobladores e incluso a bordo de una camioneta buscaban detenerlos. <\/p>\n\n\n\n<figure class=\"wp-block-embed\"><div class=\"wp-block-embed__wrapper\">\n<div class=\"twitter-tweet\"><blockquote class=\"twitter-tweet\" data-lang=\"es\"><p lang=\"es\" dir=\"ltr\"><a href=\"https:\/\/twitter.com\/hashtag\/%C3%9AltimoMinuto?src=hash&amp;ref_src=twsrc%5Etfw\">#\u00daltimoMinuto<\/a><br>Pobladores que protestan en los accesos a la sede del <a href=\"https:\/\/twitter.com\/CongresoOaxaca_?ref_src=twsrc%5Etfw\">@CongresoOaxaca_<\/a> golpean con palos, piedras y machetes a dos periodistas, <a href=\"https:\/\/twitter.com\/alvaro_c_lopez?ref_src=twsrc%5Etfw\">@alvaro_c_lopez<\/a> y <a href=\"https:\/\/twitter.com\/MarioRomero80?ref_src=twsrc%5Etfw\">@MarioRomero80<\/a>, cuando intentaron salir.<a href=\"https:\/\/twitter.com\/article19mex?ref_src=twsrc%5Etfw\">@article19mex<\/a> <a href=\"https:\/\/twitter.com\/CNDH?ref_src=twsrc%5Etfw\">@CNDH<\/a> <a href=\"https:\/\/twitter.com\/DDHPO?ref_src=twsrc%5Etfw\">@DDHPO<\/a> <a href=\"https:\/\/twitter.com\/julioastillero?ref_src=twsrc%5Etfw\">@julioastillero<\/a> <a href=\"https:\/\/twitter.com\/lopezdoriga?ref_src=twsrc%5Etfw\">@lopezdoriga<\/a> <a href=\"https:\/\/twitter.com\/sdpnoticias?ref_src=twsrc%5Etfw\">@sdpnoticias<\/a> <a href=\"https:\/\/twitter.com\/ELPINERO?ref_src=twsrc%5Etfw\">@ELPINERO<\/a> <a href=\"https:\/\/t.co\/XW6pxIQx6C\">pic.twitter.com\/XW6pxIQx6C<\/a><\/p>&mdash; Zona Roja Oaxaca (@ZonaRoja_Oaxaca) <a href=\"https:\/\/twitter.com\/ZonaRoja_Oaxaca\/status\/1565040455326339072?ref_src=twsrc%5Etfw\">31 de agosto de 2022<\/a><\/blockquote><\/div>\n<\/div><\/figure>\n","protected":false},"excerpt":{"rendered":"<p>Yuridiana Sosa\/Zona Roja. Oaxaca de Ju\u00e1rez, Oax., a 31 de agosto de 2022.- La violencia&hellip;<\/p>\n","protected":false},"author":2,"featured_media":45276,"comment_status":"closed","ping_status":"open","sticky":false,"template":"","format":"standard","meta":{"_lmt_disableupdate":"","_lmt_disable":"","_jetpack_memberships_contains_paid_content":false,"footnotes":""},"categories":[109,47],"tags":[],"class_list":["post-45277","post","type-post","status-publish","format-standard","has-post-thumbnail","hentry","category-minuto-a-minuto","category-zona-gris"],"jetpack_featured_media_url":"https:\/\/zonaroja.com.mx\/wp-content\/uploads\/2022\/08\/22bb026f-54ce-4ad3-8425-79fcdc6b6403.jpg","jetpack_sharing_enabled":true,"_links":{"self":[{"href":"https:\/\/zonaroja.com.mx\/index.php?rest_route=\/wp\/v2\/posts\/45277","targetHints":{"allow":["GET"]}}],"collection":[{"href":"https:\/\/zonaroja.com.mx\/index.php?rest_route=\/wp\/v2\/posts"}],"about":[{"href":"https:\/\/zonaroja.com.mx\/index.php?rest_route=\/wp\/v2\/types\/post"}],"author":[{"embeddable":true,"href":"https:\/\/zonaroja.com.mx\/index.php?rest_route=\/wp\/v2\/users\/2"}],"replies":[{"embeddable":true,"href":"https:\/\/zonaroja.com.mx\/index.php?rest_route=%2Fwp%2Fv2%2Fcomments&post=45277"}],"version-history":[{"count":1,"href":"https:\/\/zonaroja.com.mx\/index.php?rest_route=\/wp\/v2\/posts\/45277\/revisions"}],"predecessor-version":[{"id":45278,"href":"https:\/\/zonaroja.com.mx\/index.php?rest_route=\/wp\/v2\/posts\/45277\/revisions\/45278"}],"wp:featuredmedia":[{"embeddable":true,"href":"https:\/\/zonaroja.com.mx\/index.php?rest_route=\/wp\/v2\/media\/45276"}],"wp:attachment":[{"href":"https:\/\/zonaroja.com.mx\/index.php?rest_route=%2Fwp%2Fv2%2Fmedia&parent=45277"}],"wp:term":[{"taxonomy":"category","embeddable":true,"href":"https:\/\/zonaroja.com.mx\/index.php?rest_route=%2Fwp%2Fv2%2Fcategories&post=45277"},{"taxonomy":"post_tag","embeddable":true,"href":"https:\/\/zonaroja.com.mx\/index.php?rest_route=%2Fwp%2Fv2%2Ftags&post=45277"}],"curies":[{"name":"wp","href":"https:\/\/api.w.org\/{rel}","templated":true}]}}