{"id":45279,"date":"2022-08-31T20:22:32","date_gmt":"2022-09-01T01:22:32","guid":{"rendered":"http:\/\/www.zonaroja.com.mx\/?p=45279"},"modified":"2022-08-31T20:24:14","modified_gmt":"2022-09-01T01:24:14","slug":"a-dos-anos-el-maco-sigue-sin-pagar-3-mdp-a-ex-trabajadores","status":"publish","type":"post","link":"https:\/\/zonaroja.com.mx\/?p=45279","title":{"rendered":"A dos a\u00f1os, el MACO sigue sin pagar 3 mdp a ex trabajadores"},"content":{"rendered":"\n<p>Yuridiana Sosa\/Zona Roja.<\/p>\n\n\n\n<p>Oaxaca de Ju\u00e1rez, Oax., 31 de agosto de 2022.-&nbsp;Ex trabajadores del Museo de Arte Contempor\u00e1neo de Oaxaca (MACO) se manifestaron por en\u00e9sima ocasi\u00f3n en la Junta Local de Conciliaci\u00f3n y Arbitraje, para denunciar la probable parcialidad de la dependencia en la resoluci\u00f3n del litigio por salarios ca\u00eddos a favor del patr\u00f3n.<\/p>\n\n\n\n<p>Representantes de los 11 ex empleados afectados apuntaron que hace una semana se realiz\u00f3 la \u00faltima audiencia de desahogo de pruebas, pero existe una tendencia para beneficiar a la asociaci\u00f3n \u201cAmigos del MACO\u201d y no pague la deuda, que ya asciende a tres millones de pesos, por salarios no pagados desde abril de 2020.<\/p>\n\n\n\n<p>Los integrantes de \u201cAmigos del Maco\u201d no quieren pagar a pesar que se comprometieron en hacerlo desde el 2021, adem\u00e1s que ahora los desconocen como trabajadores no obstante la existencia de contratos, apuntaron los afectados.<\/p>\n\n\n\n<p>En la manifestaci\u00f3n tambi\u00e9n denunciaron una presunta filtraci\u00f3n del expediente de su caso a otros poderes del estado, como diputados del Congreso de Oaxaca, quienes en reuni\u00f3n con los ex trabajadores reconocieron que tienen acceso al caso, lo cual tambi\u00e9n les genera desconfianza por parte de la Junta de Arbitraje para abordar el tema con responsabilidad.<\/p>\n\n\n\n<p>\u201cJusticia para el trabajador, no para el patr\u00f3n explotador\u201d, expresaron en una de las cartulinas que pagaron al exterior de la Junta Local, en la ciudad de Oaxaca, en la que permanecieron de forma pac\u00edfica por un momento, la ma\u00f1ana de este mi\u00e9rcoles.<\/p>\n\n\n\n<figure class=\"wp-block-embed is-type-rich is-provider-twitter wp-block-embed-twitter\"><div class=\"wp-block-embed__wrapper\">\n<div class=\"twitter-tweet\"><blockquote class=\"twitter-tweet\" data-lang=\"es\"><p lang=\"es\" dir=\"ltr\"><a href=\"https:\/\/twitter.com\/hashtag\/%C3%9AltimoMinuto?src=hash&amp;ref_src=twsrc%5Etfw\">#\u00daltimoMinuto<\/a> <br>Trabajadores del <a href=\"https:\/\/twitter.com\/MACOaxaca?ref_src=twsrc%5Etfw\">@MACOaxaca<\/a> protestan esta ma\u00f1ana en el exterior de la Junta Local de Conciliaci\u00f3n y Arbitraje, en la ciudad de Oaxaca, para exigir pago de salarios pendientes desde hace dos a\u00f1os. <a href=\"https:\/\/t.co\/Wu90jTQBg0\">pic.twitter.com\/Wu90jTQBg0<\/a><\/p>&mdash; Zona Roja Oaxaca (@ZonaRoja_Oaxaca) <a href=\"https:\/\/twitter.com\/ZonaRoja_Oaxaca\/status\/1564998061268639744?ref_src=twsrc%5Etfw\">31 de agosto de 2022<\/a><\/blockquote><\/div>\n<\/div><\/figure>\n","protected":false},"excerpt":{"rendered":"<p>Yuridiana Sosa\/Zona Roja. Oaxaca de Ju\u00e1rez, Oax., 31 de agosto de 2022.-&nbsp;Ex trabajadores del Museo&hellip;<\/p>\n","protected":false},"author":2,"featured_media":45280,"comment_status":"closed","ping_status":"open","sticky":false,"template":"","format":"standard","meta":{"_lmt_disableupdate":"","_lmt_disable":"","_jetpack_memberships_contains_paid_content":false,"footnotes":""},"categories":[109,47],"tags":[2298],"class_list":["post-45279","post","type-post","status-publish","format-standard","has-post-thumbnail","hentry","category-minuto-a-minuto","category-zona-gris","tag-museo-de-arte-contemporaneo-de-oaxaca-maco"],"jetpack_featured_media_url":"https:\/\/zonaroja.com.mx\/wp-content\/uploads\/2022\/08\/Protesta-ex-trabajadores-del-MACO-en-Junta-Local.jpg","jetpack_sharing_enabled":true,"_links":{"self":[{"href":"https:\/\/zonaroja.com.mx\/index.php?rest_route=\/wp\/v2\/posts\/45279","targetHints":{"allow":["GET"]}}],"collection":[{"href":"https:\/\/zonaroja.com.mx\/index.php?rest_route=\/wp\/v2\/posts"}],"about":[{"href":"https:\/\/zonaroja.com.mx\/index.php?rest_route=\/wp\/v2\/types\/post"}],"author":[{"embeddable":true,"href":"https:\/\/zonaroja.com.mx\/index.php?rest_route=\/wp\/v2\/users\/2"}],"replies":[{"embeddable":true,"href":"https:\/\/zonaroja.com.mx\/index.php?rest_route=%2Fwp%2Fv2%2Fcomments&post=45279"}],"version-history":[{"count":2,"href":"https:\/\/zonaroja.com.mx\/index.php?rest_route=\/wp\/v2\/posts\/45279\/revisions"}],"predecessor-version":[{"id":45283,"href":"https:\/\/zonaroja.com.mx\/index.php?rest_route=\/wp\/v2\/posts\/45279\/revisions\/45283"}],"wp:featuredmedia":[{"embeddable":true,"href":"https:\/\/zonaroja.com.mx\/index.php?rest_route=\/wp\/v2\/media\/45280"}],"wp:attachment":[{"href":"https:\/\/zonaroja.com.mx\/index.php?rest_route=%2Fwp%2Fv2%2Fmedia&parent=45279"}],"wp:term":[{"taxonomy":"category","embeddable":true,"href":"https:\/\/zonaroja.com.mx\/index.php?rest_route=%2Fwp%2Fv2%2Fcategories&post=45279"},{"taxonomy":"post_tag","embeddable":true,"href":"https:\/\/zonaroja.com.mx\/index.php?rest_route=%2Fwp%2Fv2%2Ftags&post=45279"}],"curies":[{"name":"wp","href":"https:\/\/api.w.org\/{rel}","templated":true}]}}