{"id":45293,"date":"2022-09-01T07:01:41","date_gmt":"2022-09-01T12:01:41","guid":{"rendered":"http:\/\/www.zonaroja.com.mx\/?p=45293"},"modified":"2022-09-01T07:01:43","modified_gmt":"2022-09-01T12:01:43","slug":"lanza-campana-por-un-oaxaca-de-ninas-y-mujeres-vivas-libres-y-sin-violencias","status":"publish","type":"post","link":"https:\/\/zonaroja.com.mx\/?p=45293","title":{"rendered":"Lanza campa\u00f1a por un \u201cOaxaca de ni\u00f1as y mujeres vivas, libres y sin violencias\u201d"},"content":{"rendered":"\n<p>Redacci\u00f3n\/Zona Roja.<\/p>\n\n\n\n<p>Oaxaca de Ju\u00e1rez, Oax., a 1 de septiembre de 2022.- Con el objetivo de obtener recursos que permitan fortalecer el trabajo del GES Mujer, ayer se llev\u00f3 a cabo el lanzamiento de la campa\u00f1a de procuraci\u00f3n de fondos 2022, bajo la consigna \u201cPor un Oaxaca de mujeres y ni\u00f1as, vivas, libres y sin violencias\u201d.<\/p>\n\n\n\n<p>En el marco de esta actividad, se realiz\u00f3 la \u201cGuelaguetza por la salud de las mujeres\u201d, con la participaci\u00f3n de instituciones, organizaciones y especialistas aliadas a la organizaci\u00f3n, como Coesida, Servicios de Salud de Oaxaca, IMSS, MexFam, Cl\u00ednica Hospital de Pueblo \u201cAnna Seethaler\u201d A.C, entre otras, quienes brindaron atenci\u00f3n de manera gratuita a mujeres usuarias de GES Mujer y defensoras de derechos humanos.<\/p>\n\n\n\n<p>Durante la conferencia de prensa, Ang\u00e9lica Ayala, presidenta del GES Mujer, agradeci\u00f3 y otorg\u00f3 reconocimientos, a las mayordomas de la campa\u00f1a del a\u00f1o anterior, conformadas por la antrop\u00f3loga Martha Rees, la empresaria Estela Nolasco y la fot\u00f3grafa Judith Romero, quienes sumaron esfuerzos en las actividades de recaudaci\u00f3n durante los meses de agosto a diciembre del 2021.<\/p>\n\n\n\n<p>Judith Romero, fot\u00f3grafa y dise\u00f1adora editorial, hizo entrega de dos litograf\u00edas, a manera de donaci\u00f3n para la campa\u00f1a de este a\u00f1o.<\/p>\n\n\n\n<figure class=\"wp-block-embed is-type-rich is-provider-twitter wp-block-embed-twitter\"><div class=\"wp-block-embed__wrapper\">\n<div class=\"twitter-tweet\"><blockquote class=\"twitter-tweet\" data-lang=\"es\"><p lang=\"es\" dir=\"ltr\">Bajo el lema \u201cPor un Oaxaca de ni\u00f1as y mujeres vivas, libres y sin violencias\u201d la organizaci\u00f3n civil <a href=\"https:\/\/twitter.com\/GES_Mujer?ref_src=twsrc%5Etfw\">@GES_Mujer<\/a> lanz\u00f3 este mi\u00e9rcoles su campa\u00f1a de procuraci\u00f3n de fondos 2022, en apoyo a la educaci\u00f3n de j\u00f3venes ind\u00edgenas de escasos recursos. <a href=\"https:\/\/t.co\/XLmM9ohtJ3\">pic.twitter.com\/XLmM9ohtJ3<\/a><\/p>&mdash; Zona Roja Oaxaca (@ZonaRoja_Oaxaca) <a href=\"https:\/\/twitter.com\/ZonaRoja_Oaxaca\/status\/1565118827632934913?ref_src=twsrc%5Etfw\">31 de agosto de 2022<\/a><\/blockquote><\/div>\n<\/div><\/figure>\n\n\n\n<p>Aleida Ruiz Sosa, activista y bailarina, se present\u00f3 como la mayordoma de la campa\u00f1a de procuraci\u00f3n de fondos 2022, las cuales contemplan actividades art\u00edsticas y culturales, culminando en el mes de diciembre con una presentaci\u00f3n de ballet cl\u00e1sico.<\/p>\n\n\n\n<p>Aleida hizo un en\u00e9rgico llamado a la acci\u00f3n para colaborar con el GES Mujer, pues comparti\u00f3 que en su propia experiencia como defensora de las ni\u00f1as y adolescentes, conoce las desigualdades y la violaci\u00f3n de los derechos de las ni\u00f1as y mujeres en las comunidades oaxaque\u00f1as, tales como el matrimonio infantil.<\/p>\n\n\n\n<p>La meta de la campa\u00f1a es recaudar un mill\u00f3n de pesos, con la finalidad de fortalecer los servicios de atenci\u00f3n legal y psicol\u00f3gica que brinda el GES Mujer a mujeres y ni\u00f1as en situaci\u00f3n de violencia, adem\u00e1s de destinar este recurso a las actividades de capacitaci\u00f3n de j\u00f3venes ind\u00edgenas y afromexicanas en materia de liderazgo, derechos humanos y salud sexual y reproductiva.<\/p>\n\n\n\n<p>Las personas interesadas en apoyar el trabajo del GES Mujer, pueden donar a trav\u00e9s de la cuenta 0153441342 de BBVA Bancomer, o realizando una transferencia interbancaria a la clave bancaria estandarizada (CLABE) del mismo banco: 012610001534413427, adem\u00e1s de la donaci\u00f3n en l\u00ednea, a trav\u00e9s del sitio www.gesmujer.org<\/p>\n\n\n\n<p>Ang\u00e9lica Ayala concluy\u00f3 el evento, mencionando que en el marco de los 16 d\u00edas de activismo contra la violencia de g\u00e9nero, se celebrar\u00e1 el pr\u00f3ximo 7 de diciembre los 45 a\u00f1os de trabajo continuo, del Grupo de Estudios sobre la mujer Rosario Castellanos.<\/p>\n","protected":false},"excerpt":{"rendered":"<p>Redacci\u00f3n\/Zona Roja. Oaxaca de Ju\u00e1rez, Oax., a 1 de septiembre de 2022.- Con el objetivo&hellip;<\/p>\n","protected":false},"author":2,"featured_media":45294,"comment_status":"closed","ping_status":"open","sticky":false,"template":"","format":"standard","meta":{"_lmt_disableupdate":"","_lmt_disable":"","_jetpack_memberships_contains_paid_content":false,"footnotes":""},"categories":[109,46],"tags":[524],"class_list":["post-45293","post","type-post","status-publish","format-standard","has-post-thumbnail","hentry","category-minuto-a-minuto","category-zona-blanca","tag-ges-mujer"],"jetpack_featured_media_url":"https:\/\/zonaroja.com.mx\/wp-content\/uploads\/2022\/09\/GES-Mujer-inicio-fondos.jpg","jetpack_sharing_enabled":true,"_links":{"self":[{"href":"https:\/\/zonaroja.com.mx\/index.php?rest_route=\/wp\/v2\/posts\/45293","targetHints":{"allow":["GET"]}}],"collection":[{"href":"https:\/\/zonaroja.com.mx\/index.php?rest_route=\/wp\/v2\/posts"}],"about":[{"href":"https:\/\/zonaroja.com.mx\/index.php?rest_route=\/wp\/v2\/types\/post"}],"author":[{"embeddable":true,"href":"https:\/\/zonaroja.com.mx\/index.php?rest_route=\/wp\/v2\/users\/2"}],"replies":[{"embeddable":true,"href":"https:\/\/zonaroja.com.mx\/index.php?rest_route=%2Fwp%2Fv2%2Fcomments&post=45293"}],"version-history":[{"count":1,"href":"https:\/\/zonaroja.com.mx\/index.php?rest_route=\/wp\/v2\/posts\/45293\/revisions"}],"predecessor-version":[{"id":45295,"href":"https:\/\/zonaroja.com.mx\/index.php?rest_route=\/wp\/v2\/posts\/45293\/revisions\/45295"}],"wp:featuredmedia":[{"embeddable":true,"href":"https:\/\/zonaroja.com.mx\/index.php?rest_route=\/wp\/v2\/media\/45294"}],"wp:attachment":[{"href":"https:\/\/zonaroja.com.mx\/index.php?rest_route=%2Fwp%2Fv2%2Fmedia&parent=45293"}],"wp:term":[{"taxonomy":"category","embeddable":true,"href":"https:\/\/zonaroja.com.mx\/index.php?rest_route=%2Fwp%2Fv2%2Fcategories&post=45293"},{"taxonomy":"post_tag","embeddable":true,"href":"https:\/\/zonaroja.com.mx\/index.php?rest_route=%2Fwp%2Fv2%2Ftags&post=45293"}],"curies":[{"name":"wp","href":"https:\/\/api.w.org\/{rel}","templated":true}]}}