{"id":45298,"date":"2022-09-01T10:39:00","date_gmt":"2022-09-01T15:39:00","guid":{"rendered":"http:\/\/www.zonaroja.com.mx\/?p=45298"},"modified":"2022-09-01T07:40:45","modified_gmt":"2022-09-01T12:40:45","slug":"familia-de-claudia-uruchurtu-denuncian-temor-ante-probable-liberacion-de-ex-edil","status":"publish","type":"post","link":"https:\/\/zonaroja.com.mx\/?p=45298","title":{"rendered":"Familia de Claudia Uruchurtu denuncian temor ante probable liberaci\u00f3n de ex edil"},"content":{"rendered":"\n<p>Yuridiana Sosa\/Zona Roja.<\/p>\n\n\n\n<p>Oaxaca de Ju\u00e1rez, Oax., a 1 de septiembre de 2022.- Previo al inicio del nuevo sexenio estatal, la familia de Claudia Uruchurtu Cruz, desaparecida desde marzo de 2021, denunci\u00f3 la posibilidad de la liberaci\u00f3n de la ex edil de Nochixtl\u00e1n, Lizbhet V. H., detenida por su presunta responsabilidad.<\/p>\n\n\n\n<p>El temor surge por la relaci\u00f3n pol\u00edtica por Morena entre la ex servidora p\u00fablica con el gobernador electo, Salom\u00f3n Jara; tema del que se especula desde el \u00e1mbito pol\u00edtico, difundi\u00f3 la hermana de la v\u00edctima, Sara Uruchurtu Cruz.<\/p>\n\n\n\n<p>En el marco del D\u00eda Internacional de las V\u00edctimas de Desapariciones Forzadas, que se conmemor\u00f3 este 30 de agosto, la hermana de Claudia expres\u00f3 su inconformidad sobre el caso de su hermana y las presuntas irregularidades que se generan en torno a los probables responsables del hecho.<\/p>\n\n\n\n<p>\u00abYa Oaxaca entera habla de su pronta liberaci\u00f3n en cuanto el gobernador electo comience sus funciones. \u00c9l ya tiene preparada la entrada (o salida) triunfante como v\u00edctima de violencia pol\u00edtica. Ya anteriormente ha dicho que lo de mi hermana seguro fue un autosecuestro. Que seguro estar\u00e1 en las europas paseando\u00bb, destac\u00f3.&nbsp;<\/p>\n\n\n\n<p>La hermana de la v\u00edctima desaparecida sostuvo que Claudia fue desaparecida \u00abpor miembros del partido en poder\u00bb, adem\u00e1s que la persona acusada de ser la autora intelectual -la ex edil-,&nbsp; goza de protecci\u00f3n del gobernador electo.&nbsp;<\/p>\n\n\n\n<p>Desde la informaci\u00f3n que conoce la familia sobre la condici\u00f3n de la detenida, se\u00f1al\u00f3 que \u00bb se atreve a pedir vacaciones fuera del reclusorio, pide pasar d\u00edas en hospital privado\u00bb, lo cual es otorgado, facilitando los traslados.<\/p>\n\n\n\n<p>Claudia Uruchurtu Cruz desapareci\u00f3 tras participar en una protesta contra las autoridades municipales en Asunci\u00f3n Nochixtl\u00e1n. Desde marzo de 2021 no es localizada, aunque las autoridades aseguran que fue asesinada.<\/p>\n\n\n\n<p>\u00abMi hermana destap\u00f3 una cloaca que se extiende desde el Istmo hasta la Mixteca donde los criminales son los mismos en el poder\u00bb, recalc\u00f3 Sara Uruchurtu en su perfil de Facebook.<\/p>\n\n\n\n<p>Para la familia de Claudia es absurdo establecer un d\u00eda contra las desapariciones forzadas, por lo que cuestion\u00f3, \u00bfpara cu\u00e1ndo celebraremos el d\u00eda donde en M\u00e9xico no hay desapariciones?, \u00bfcu\u00e1ndo celebraremos el d\u00eda de la verdad y la justicia para las v\u00edctimas?, cuestion\u00f3 a las autoridades en el pa\u00eds.<\/p>\n","protected":false},"excerpt":{"rendered":"<p>Yuridiana Sosa\/Zona Roja. Oaxaca de Ju\u00e1rez, Oax., a 1 de septiembre de 2022.- Previo al&hellip;<\/p>\n","protected":false},"author":2,"featured_media":45299,"comment_status":"closed","ping_status":"open","sticky":false,"template":"","format":"standard","meta":{"_lmt_disableupdate":"","_lmt_disable":"","_jetpack_memberships_contains_paid_content":false,"footnotes":""},"categories":[109,47],"tags":[2582],"class_list":["post-45298","post","type-post","status-publish","format-standard","has-post-thumbnail","hentry","category-minuto-a-minuto","category-zona-gris","tag-claudia-uruchurtu-cruz"],"jetpack_featured_media_url":"https:\/\/zonaroja.com.mx\/wp-content\/uploads\/2022\/09\/Claudia-Uruchurtu-busqueda.jpg","jetpack_sharing_enabled":true,"_links":{"self":[{"href":"https:\/\/zonaroja.com.mx\/index.php?rest_route=\/wp\/v2\/posts\/45298","targetHints":{"allow":["GET"]}}],"collection":[{"href":"https:\/\/zonaroja.com.mx\/index.php?rest_route=\/wp\/v2\/posts"}],"about":[{"href":"https:\/\/zonaroja.com.mx\/index.php?rest_route=\/wp\/v2\/types\/post"}],"author":[{"embeddable":true,"href":"https:\/\/zonaroja.com.mx\/index.php?rest_route=\/wp\/v2\/users\/2"}],"replies":[{"embeddable":true,"href":"https:\/\/zonaroja.com.mx\/index.php?rest_route=%2Fwp%2Fv2%2Fcomments&post=45298"}],"version-history":[{"count":1,"href":"https:\/\/zonaroja.com.mx\/index.php?rest_route=\/wp\/v2\/posts\/45298\/revisions"}],"predecessor-version":[{"id":45300,"href":"https:\/\/zonaroja.com.mx\/index.php?rest_route=\/wp\/v2\/posts\/45298\/revisions\/45300"}],"wp:featuredmedia":[{"embeddable":true,"href":"https:\/\/zonaroja.com.mx\/index.php?rest_route=\/wp\/v2\/media\/45299"}],"wp:attachment":[{"href":"https:\/\/zonaroja.com.mx\/index.php?rest_route=%2Fwp%2Fv2%2Fmedia&parent=45298"}],"wp:term":[{"taxonomy":"category","embeddable":true,"href":"https:\/\/zonaroja.com.mx\/index.php?rest_route=%2Fwp%2Fv2%2Fcategories&post=45298"},{"taxonomy":"post_tag","embeddable":true,"href":"https:\/\/zonaroja.com.mx\/index.php?rest_route=%2Fwp%2Fv2%2Ftags&post=45298"}],"curies":[{"name":"wp","href":"https:\/\/api.w.org\/{rel}","templated":true}]}}