{"id":45304,"date":"2022-09-01T08:27:59","date_gmt":"2022-09-01T13:27:59","guid":{"rendered":"http:\/\/www.zonaroja.com.mx\/?p=45304"},"modified":"2022-09-01T08:28:00","modified_gmt":"2022-09-01T13:28:00","slug":"ejecutan-a-dos-individuos-en-juchitan-de-zaragoza-oaxaca","status":"publish","type":"post","link":"https:\/\/zonaroja.com.mx\/?p=45304","title":{"rendered":"Ejecutan a dos individuos en Juchit\u00e1n de Zaragoza, Oaxaca"},"content":{"rendered":"\n<p>Redacci\u00f3n\/Zona Roja.<\/p>\n\n\n\n<p>Oaxaca de Ju\u00e1rez, Oax., a 1 de septiembre de 2022.- A cinco d\u00edas de una doble ejecuci\u00f3n, en que una de las v\u00edctimas era polic\u00eda municipal, la madrugada de este jueves en Juchit\u00e1n de Zaragoza fueron asesinadas a balazos otras dos personas del sexo masculino. <\/p>\n\n\n\n<p>Minutos despu\u00e9s de la media noche, corporaciones policiacas localizaron sobre la avenida Insurgentes de la S\u00e9ptima Secci\u00f3n, una camioneta con el cuerpo de una persona sin vida; otro m\u00e1s sentado en la cinta asf\u00e1ltica y con m\u00faltiples heridas producidas por arma de fuego.<\/p>\n\n\n\n<p>Param\u00e9dicos que arribaron al sitio trasladaron al herido al hospital general de Juchit\u00e1n; sin embargo, debido a la gravedad de las heridas, muri\u00f3 en el trayecto.<\/p>\n\n\n\n<p>Apenas el pasado s\u00e1bado 28 de agosto, un polic\u00eda municipal y su acompa\u00f1ante fueron ejecutados en el interior de un veh\u00edculo, cuando viajaban sobre la carretera Juchuit\u00e1n-Tehuantepec.<\/p>\n","protected":false},"excerpt":{"rendered":"<p>Redacci\u00f3n\/Zona Roja. Oaxaca de Ju\u00e1rez, Oax., a 1 de septiembre de 2022.- A cinco d\u00edas&hellip;<\/p>\n","protected":false},"author":2,"featured_media":45305,"comment_status":"closed","ping_status":"open","sticky":false,"template":"","format":"standard","meta":{"_lmt_disableupdate":"","_lmt_disable":"","_jetpack_memberships_contains_paid_content":false,"footnotes":""},"categories":[109,51],"tags":[123],"class_list":["post-45304","post","type-post","status-publish","format-standard","has-post-thumbnail","hentry","category-minuto-a-minuto","category-zona-roja","tag-juchitan-de-zaragoza"],"jetpack_featured_media_url":"https:\/\/zonaroja.com.mx\/wp-content\/uploads\/2022\/09\/Ejecutados-Juchitan-.jpg","jetpack_sharing_enabled":true,"_links":{"self":[{"href":"https:\/\/zonaroja.com.mx\/index.php?rest_route=\/wp\/v2\/posts\/45304","targetHints":{"allow":["GET"]}}],"collection":[{"href":"https:\/\/zonaroja.com.mx\/index.php?rest_route=\/wp\/v2\/posts"}],"about":[{"href":"https:\/\/zonaroja.com.mx\/index.php?rest_route=\/wp\/v2\/types\/post"}],"author":[{"embeddable":true,"href":"https:\/\/zonaroja.com.mx\/index.php?rest_route=\/wp\/v2\/users\/2"}],"replies":[{"embeddable":true,"href":"https:\/\/zonaroja.com.mx\/index.php?rest_route=%2Fwp%2Fv2%2Fcomments&post=45304"}],"version-history":[{"count":1,"href":"https:\/\/zonaroja.com.mx\/index.php?rest_route=\/wp\/v2\/posts\/45304\/revisions"}],"predecessor-version":[{"id":45306,"href":"https:\/\/zonaroja.com.mx\/index.php?rest_route=\/wp\/v2\/posts\/45304\/revisions\/45306"}],"wp:featuredmedia":[{"embeddable":true,"href":"https:\/\/zonaroja.com.mx\/index.php?rest_route=\/wp\/v2\/media\/45305"}],"wp:attachment":[{"href":"https:\/\/zonaroja.com.mx\/index.php?rest_route=%2Fwp%2Fv2%2Fmedia&parent=45304"}],"wp:term":[{"taxonomy":"category","embeddable":true,"href":"https:\/\/zonaroja.com.mx\/index.php?rest_route=%2Fwp%2Fv2%2Fcategories&post=45304"},{"taxonomy":"post_tag","embeddable":true,"href":"https:\/\/zonaroja.com.mx\/index.php?rest_route=%2Fwp%2Fv2%2Ftags&post=45304"}],"curies":[{"name":"wp","href":"https:\/\/api.w.org\/{rel}","templated":true}]}}