{"id":45307,"date":"2022-09-01T08:46:06","date_gmt":"2022-09-01T13:46:06","guid":{"rendered":"http:\/\/www.zonaroja.com.mx\/?p=45307"},"modified":"2022-09-01T08:46:08","modified_gmt":"2022-09-01T13:46:08","slug":"muere-otra-mujer-en-oaxaca-tras-ser-agredida-por-su-pareja","status":"publish","type":"post","link":"https:\/\/zonaroja.com.mx\/?p=45307","title":{"rendered":"Muere otra mujer en Oaxaca, tras ser agredida por su pareja"},"content":{"rendered":"\n<p>Ismael Garc\u00eda M.\/Zona Roja.<\/p>\n\n\n\n<p>Oaxaca de Ju\u00e1rez, Oax., a 1 de septiembre de 2022.- Otra mujer muri\u00f3 en un hospital de la ciudad de Oaxaca, tras ser golpeada en su domicilio por su pareja, pese a que ten\u00eda medidas de protecci\u00f3n.<\/p>\n\n\n\n<p>Ocurri\u00f3 el pasado lunes en el municipio de San Agust\u00edn de las Juntas, al sur de la zona metropolitana de la capital, en que la profesora Susana R. S., de 30 a\u00f1os de edad, fue atendida por param\u00e9dicos de la localidad y trasladada al hospital del ISSSTE de la ciudad de Oaxaca.<\/p>\n\n\n\n<p>Pero este mi\u00e9rcoles perdi\u00f3 la vida por la gravedad de las lesiones y tras los tr\u00e1mites, fue trasladada a su lugar de origen, en el municipio de Santiago Amoltepec, en la regi\u00f3n Sierra Sur.<\/p>\n\n\n\n<p>En tanto, el probable feminicida, Jhovany G. L., fue detenido por los polic\u00edas municipales y puesto a disposici\u00f3n de las autoridades ministeriales.<\/p>\n\n\n\n<p>De acuerdo con reportes policiacos municipales, desde hace tres meses en que se casaron, la mujer sufr\u00eda violencia de manera constante.<\/p>\n\n\n\n<p>En una ocasi\u00f3n, la denunci\u00f3 ante la autoridad municipal, que le otorg\u00f3 medidas cautelares que consist\u00edan en vigilar peri\u00f3dicamente su domicilio para verificar que no fuera agredida.<\/p>\n\n\n\n<p>Personal especializado de la Fiscal\u00eda General del Estado de Oaxaca indaga el caso con perspectiva de g\u00e9nero y la forma en que ocurri\u00f3 la agresi\u00f3n.<\/p>\n","protected":false},"excerpt":{"rendered":"<p>Ismael Garc\u00eda M.\/Zona Roja. Oaxaca de Ju\u00e1rez, Oax., a 1 de septiembre de 2022.- Otra&hellip;<\/p>\n","protected":false},"author":2,"featured_media":34297,"comment_status":"closed","ping_status":"open","sticky":false,"template":"","format":"standard","meta":{"_lmt_disableupdate":"","_lmt_disable":"","_jetpack_memberships_contains_paid_content":false,"footnotes":""},"categories":[109,51],"tags":[610,743],"class_list":["post-45307","post","type-post","status-publish","format-standard","has-post-thumbnail","hentry","category-minuto-a-minuto","category-zona-roja","tag-feminicidios-oaxaca","tag-san-agustin-de-las-juntas"],"jetpack_featured_media_url":"https:\/\/zonaroja.com.mx\/wp-content\/uploads\/2021\/11\/Mujer-feminicidio-vilencia-asesinada.jpg","jetpack_sharing_enabled":true,"_links":{"self":[{"href":"https:\/\/zonaroja.com.mx\/index.php?rest_route=\/wp\/v2\/posts\/45307","targetHints":{"allow":["GET"]}}],"collection":[{"href":"https:\/\/zonaroja.com.mx\/index.php?rest_route=\/wp\/v2\/posts"}],"about":[{"href":"https:\/\/zonaroja.com.mx\/index.php?rest_route=\/wp\/v2\/types\/post"}],"author":[{"embeddable":true,"href":"https:\/\/zonaroja.com.mx\/index.php?rest_route=\/wp\/v2\/users\/2"}],"replies":[{"embeddable":true,"href":"https:\/\/zonaroja.com.mx\/index.php?rest_route=%2Fwp%2Fv2%2Fcomments&post=45307"}],"version-history":[{"count":1,"href":"https:\/\/zonaroja.com.mx\/index.php?rest_route=\/wp\/v2\/posts\/45307\/revisions"}],"predecessor-version":[{"id":45308,"href":"https:\/\/zonaroja.com.mx\/index.php?rest_route=\/wp\/v2\/posts\/45307\/revisions\/45308"}],"wp:featuredmedia":[{"embeddable":true,"href":"https:\/\/zonaroja.com.mx\/index.php?rest_route=\/wp\/v2\/media\/34297"}],"wp:attachment":[{"href":"https:\/\/zonaroja.com.mx\/index.php?rest_route=%2Fwp%2Fv2%2Fmedia&parent=45307"}],"wp:term":[{"taxonomy":"category","embeddable":true,"href":"https:\/\/zonaroja.com.mx\/index.php?rest_route=%2Fwp%2Fv2%2Fcategories&post=45307"},{"taxonomy":"post_tag","embeddable":true,"href":"https:\/\/zonaroja.com.mx\/index.php?rest_route=%2Fwp%2Fv2%2Ftags&post=45307"}],"curies":[{"name":"wp","href":"https:\/\/api.w.org\/{rel}","templated":true}]}}