{"id":45310,"date":"2022-09-01T17:54:21","date_gmt":"2022-09-01T22:54:21","guid":{"rendered":"https:\/\/www.zonaroja.com.mx\/?p=45310"},"modified":"2022-09-01T17:55:51","modified_gmt":"2022-09-01T22:55:51","slug":"alarma-viruela-del-mono-en-el-mundo-ya-son-50-mil-casos","status":"publish","type":"post","link":"https:\/\/zonaroja.com.mx\/?p=45310","title":{"rendered":"Alarma Viruela del mono en el mundo; ya son 50 mil casos"},"content":{"rendered":"\n<p>Redacci\u00f3n\/Zona Roja Cdmx.&nbsp;<\/p>\n\n\n\n<p>Ciudad de M\u00e9xico, a 1 de septiembre de 2022.-&nbsp;La viruela del mono suma m\u00e1s de 50 mil casos registrados desde el inicio del a\u00f1o, indic\u00f3&nbsp;este mi\u00e9rcoles&nbsp;la Organizaci\u00f3n Mundial de la Salud (OMS).<\/p>\n\n\n\n<p>Seg\u00fan la p\u00e1gina de la OMS que recopilan los datos confirmados, hasta el 31 de agosto se hab\u00eda notificado 50 mil 496 contagios de esa enfermedad, cuyo \u00faltimo brote fue declarado emergencia de salud p\u00fablica internacional por la agencia de la ONU.<\/p>\n\n\n\n<p>Adem\u00e1s, 16 personas han muerto.<\/p>\n\n\n\n<p>Desde principios de mayo pasado, las autoridades de salud registraron un aumento de la incidencia fuera de los pa\u00edses africanos, donde la infecci\u00f3n es end\u00e9mica.<\/p>\n\n\n\n<p>La agencia internacional elev\u00f3 su nivel de alarma al m\u00e1ximo el 24 de julio, cuando declar\u00f3 el brote emergencia de salud p\u00fablica internacional, como tambi\u00e9n hab\u00eda hecho con Covid-19.<\/p>\n\n\n\n<p>Hasta el momento se reportaron contagios en 101 territorios, de los que s\u00f3lo 52 informaron de casos nuevos en los \u00faltimos siete d\u00edas.<\/p>\n\n\n\n<p>Rosamund Lewis, quien dirige el equipo t\u00e9cnico de la OMS sobre la viruela del mono, explic\u00f3 que el contacto f\u00edsico con alguien enfermo supone un riesgo de contraer la enfermedad.<\/p>\n\n\n\n<p>La gran mayor\u00eda de casos siguen d\u00e1ndose en este momento entre hombres que tienen sexo con hombres o que hayan tenido contacto con hombres contaminados con la viruela del mono\u201d, dijo en una rueda de prensa ayer.<\/p>\n\n\n\n<p>INDAGAN M\u00c1S V\u00cdAS DE CONTAGIO<\/p>\n\n\n\n<p>Lewis incidi\u00f3 en que hasta ahora no se ha reportado una transmisi\u00f3n a trav\u00e9s de transfusiones sangu\u00edneas.<\/p>\n\n\n\n<p>Ha habido informes sobre la detecci\u00f3n del ADN de la viruela del mono en el semen.<\/p>\n\n\n\n<p>Un estudio mostr\u00f3 que el virus pod\u00eda aislarse en ese caso\u201d, dijo Rosamund Lewis, destacando que hay m\u00e1s estudios en curso.<\/p>\n\n\n\n<p>El director general de la OMS, Tedros Adhanom Ghebreyesus, afirm\u00f3 que pese al r\u00e9cord, hay un declive de nuevas infecciones.<\/p>\n\n\n\n<p>Esto podr\u00eda ser una prueba de que se est\u00e1 frenando el brote de esta enfermedad que se manifiesta en forma de lesiones cut\u00e1neas, fiebre y dolores.<\/p>\n\n\n\n<p>En las Am\u00e9ricas, donde se registraron m\u00e1s de la mitad de casos reportados, varios pa\u00edses contin\u00faan asistiendo a un aumento del n\u00famero de infecciones, pero es alentador ver una tendencia sostenida a la baja en Canad\u00e1\u201d, dijo Tedros.<\/p>\n\n\n\n<p>Con las medidas adecuadas, este es un brote que puede frenarse. No tenemos que vivir con la viruela del mono\u201d, a\u00f1adi\u00f3.(Informaci\u00f3n de \u201cExc\u00e9lsior\u201d)<\/p>\n","protected":false},"excerpt":{"rendered":"<p>Redacci\u00f3n\/Zona Roja Cdmx.&nbsp; Ciudad de M\u00e9xico, a 1 de septiembre de 2022.-&nbsp;La viruela del mono&hellip;<\/p>\n","protected":false},"author":2,"featured_media":43958,"comment_status":"closed","ping_status":"open","sticky":false,"template":"","format":"standard","meta":{"_lmt_disableupdate":"","_lmt_disable":"","_jetpack_memberships_contains_paid_content":false,"footnotes":""},"categories":[109,47],"tags":[],"class_list":["post-45310","post","type-post","status-publish","format-standard","has-post-thumbnail","hentry","category-minuto-a-minuto","category-zona-gris"],"jetpack_featured_media_url":"https:\/\/zonaroja.com.mx\/wp-content\/uploads\/2022\/07\/Viruela-del-mono.jpeg","jetpack_sharing_enabled":true,"_links":{"self":[{"href":"https:\/\/zonaroja.com.mx\/index.php?rest_route=\/wp\/v2\/posts\/45310","targetHints":{"allow":["GET"]}}],"collection":[{"href":"https:\/\/zonaroja.com.mx\/index.php?rest_route=\/wp\/v2\/posts"}],"about":[{"href":"https:\/\/zonaroja.com.mx\/index.php?rest_route=\/wp\/v2\/types\/post"}],"author":[{"embeddable":true,"href":"https:\/\/zonaroja.com.mx\/index.php?rest_route=\/wp\/v2\/users\/2"}],"replies":[{"embeddable":true,"href":"https:\/\/zonaroja.com.mx\/index.php?rest_route=%2Fwp%2Fv2%2Fcomments&post=45310"}],"version-history":[{"count":1,"href":"https:\/\/zonaroja.com.mx\/index.php?rest_route=\/wp\/v2\/posts\/45310\/revisions"}],"predecessor-version":[{"id":45311,"href":"https:\/\/zonaroja.com.mx\/index.php?rest_route=\/wp\/v2\/posts\/45310\/revisions\/45311"}],"wp:featuredmedia":[{"embeddable":true,"href":"https:\/\/zonaroja.com.mx\/index.php?rest_route=\/wp\/v2\/media\/43958"}],"wp:attachment":[{"href":"https:\/\/zonaroja.com.mx\/index.php?rest_route=%2Fwp%2Fv2%2Fmedia&parent=45310"}],"wp:term":[{"taxonomy":"category","embeddable":true,"href":"https:\/\/zonaroja.com.mx\/index.php?rest_route=%2Fwp%2Fv2%2Fcategories&post=45310"},{"taxonomy":"post_tag","embeddable":true,"href":"https:\/\/zonaroja.com.mx\/index.php?rest_route=%2Fwp%2Fv2%2Ftags&post=45310"}],"curies":[{"name":"wp","href":"https:\/\/api.w.org\/{rel}","templated":true}]}}