{"id":45316,"date":"2022-09-01T19:33:05","date_gmt":"2022-09-02T00:33:05","guid":{"rendered":"http:\/\/www.zonaroja.com.mx\/?p=45316"},"modified":"2022-09-01T19:33:06","modified_gmt":"2022-09-02T00:33:06","slug":"lleva-fiscalia-de-oaxaca-ante-juez-a-presunto-feminicida-de-su-esposa","status":"publish","type":"post","link":"https:\/\/zonaroja.com.mx\/?p=45316","title":{"rendered":"Lleva Fiscal\u00eda de Oaxaca ante juez a presunto feminicida de su esposa"},"content":{"rendered":"\n<p>Redacci\u00f3n\/Zona Roja.<\/p>\n\n\n\n<p>Oaxaca de Ju\u00e1rez, Oax., a 1 de septiembre de 2022.- El individuo que presuntamente mat\u00f3 a golpes a su esposa en San Agust\u00edn de las Juntas, Oaxaca, fue presentado ante un juez por la Fiscal\u00eda General del Estado.<\/p>\n\n\n\n<p>Se trata de Jhovany G. R., quien el martes agredi\u00f3 a la mujer (Susana R. G.), docente de profesi\u00f3n, con quien se hab\u00eda casado hace apenas tres meses; fue trasladada al hospital del ISSSTE en la capital, donde muri\u00f3.<\/p>\n\n\n\n<p>En un comunicado, la Fiscal\u00eda General inform\u00f3 que de acuerdo con la Carpeta de Investigaci\u00f3n 30026\/FMUJ\/UFEM\/2022, el pasado 30 de agosto del a\u00f1o en curso, el imputado probablemente agredi\u00f3 f\u00edsicamente a la v\u00edctima, ocasion\u00e1ndole lesiones de gravedad que le ocasionaron la muerte en el trayecto a recibir atenci\u00f3n m\u00e9dica especializada.<\/p>\n\n\n\n<p>Detall\u00f3 que posterior a la agresi\u00f3n, el sujeto fue detenido en flagrancia por elementos de la polic\u00eda municipal, quienes lo pusieron a disposici\u00f3n de la Fiscal\u00eda Especializada en Atenci\u00f3n a Delitos contra la Mujer por Raz\u00f3n de G\u00e9nero de la Fiscal\u00eda.<\/p>\n\n\n\n<p>Luego de ser llevado a audiencia de control de detenci\u00f3n, la juez en turno calific\u00f3 de legal la detenci\u00f3n y formul\u00f3 imputaci\u00f3n, en tanto que Jhovany G. R. se acogi\u00f3 a la ampliaci\u00f3n del t\u00e9rmino constitucional, mismo que fenece el pr\u00f3ximo 5 de septiembre de 2022, quedando en tanto en prisi\u00f3n preventiva de manera provisional.&nbsp;<\/p>\n\n\n\n<p>La instituci\u00f3n expuso en su comunicado que la resoluci\u00f3n de delitos por raz\u00f3n de g\u00e9nero, son prioridad para la Fiscal\u00eda de Oaxaca, principalmente cuando se trata de feminicidios, por lo que las investigaciones se realizan de manera expedita y con total apego a la ley.<\/p>\n","protected":false},"excerpt":{"rendered":"<p>Redacci\u00f3n\/Zona Roja. Oaxaca de Ju\u00e1rez, Oax., a 1 de septiembre de 2022.- El individuo que&hellip;<\/p>\n","protected":false},"author":2,"featured_media":45317,"comment_status":"closed","ping_status":"open","sticky":false,"template":"","format":"standard","meta":{"_lmt_disableupdate":"","_lmt_disable":"","_jetpack_memberships_contains_paid_content":false,"footnotes":""},"categories":[109,46],"tags":[743],"class_list":["post-45316","post","type-post","status-publish","format-standard","has-post-thumbnail","hentry","category-minuto-a-minuto","category-zona-blanca","tag-san-agustin-de-las-juntas"],"jetpack_featured_media_url":"https:\/\/zonaroja.com.mx\/wp-content\/uploads\/2022\/09\/Mujer-maestra-asesinada-San-Agustin-de-las-Juntas.jpg","jetpack_sharing_enabled":true,"_links":{"self":[{"href":"https:\/\/zonaroja.com.mx\/index.php?rest_route=\/wp\/v2\/posts\/45316","targetHints":{"allow":["GET"]}}],"collection":[{"href":"https:\/\/zonaroja.com.mx\/index.php?rest_route=\/wp\/v2\/posts"}],"about":[{"href":"https:\/\/zonaroja.com.mx\/index.php?rest_route=\/wp\/v2\/types\/post"}],"author":[{"embeddable":true,"href":"https:\/\/zonaroja.com.mx\/index.php?rest_route=\/wp\/v2\/users\/2"}],"replies":[{"embeddable":true,"href":"https:\/\/zonaroja.com.mx\/index.php?rest_route=%2Fwp%2Fv2%2Fcomments&post=45316"}],"version-history":[{"count":1,"href":"https:\/\/zonaroja.com.mx\/index.php?rest_route=\/wp\/v2\/posts\/45316\/revisions"}],"predecessor-version":[{"id":45318,"href":"https:\/\/zonaroja.com.mx\/index.php?rest_route=\/wp\/v2\/posts\/45316\/revisions\/45318"}],"wp:featuredmedia":[{"embeddable":true,"href":"https:\/\/zonaroja.com.mx\/index.php?rest_route=\/wp\/v2\/media\/45317"}],"wp:attachment":[{"href":"https:\/\/zonaroja.com.mx\/index.php?rest_route=%2Fwp%2Fv2%2Fmedia&parent=45316"}],"wp:term":[{"taxonomy":"category","embeddable":true,"href":"https:\/\/zonaroja.com.mx\/index.php?rest_route=%2Fwp%2Fv2%2Fcategories&post=45316"},{"taxonomy":"post_tag","embeddable":true,"href":"https:\/\/zonaroja.com.mx\/index.php?rest_route=%2Fwp%2Fv2%2Ftags&post=45316"}],"curies":[{"name":"wp","href":"https:\/\/api.w.org\/{rel}","templated":true}]}}