{"id":45319,"date":"2022-09-01T20:38:43","date_gmt":"2022-09-02T01:38:43","guid":{"rendered":"http:\/\/www.zonaroja.com.mx\/?p=45319"},"modified":"2022-09-01T20:38:44","modified_gmt":"2022-09-02T01:38:44","slug":"a-cuantas-heroinas-de-la-independencia-de-mexico-conoce","status":"publish","type":"post","link":"https:\/\/zonaroja.com.mx\/?p=45319","title":{"rendered":"\u00bfA cu\u00e1ntas hero\u00ednas de la Independencia de M\u00e9xico conoce?"},"content":{"rendered":"\n<p>Redacci\u00f3n\/Zona Roja.<\/p>\n\n\n\n<p>Oaxaca de Ju\u00e1rez, Oax., a 1 de septiembre de 2022.- Para&nbsp;contribuir a la construcci\u00f3n de una cultura de paz que reconozca y otorgue el lugar que les corresponde a cada una de las mujeres&nbsp;que,&nbsp;con su esfuerzo, valor e incluso con su vida, han contribuido a la&nbsp;cimentaci\u00f3n&nbsp;de nuestra&nbsp;Patria,&nbsp;del 5 al 11 de septiembre&nbsp;se llevar\u00e1 a cabo el \u201cPrimer Festival de las Hero\u00ednas de la Independencia\u201d en la ciudad de Oaxaca.<\/p>\n\n\n\n<p>Se trata de una fiesta en la que la m\u00fasica, el teatro, la historia, el cine, la poes\u00eda y la gastronom\u00eda&nbsp;servir\u00e1n&nbsp;como veh\u00edculos para rendir homenaje y visibilizar a las mujeres&nbsp;que han&nbsp;sido borradas&nbsp;sistem\u00e1ticamente de la historia de M\u00e9xico.<\/p>\n\n\n\n<p>En conferencia de prensa para dar a conocer este festival, la&nbsp;directora general&nbsp;del colectivo \u201cLas Hero\u00ednas\u201d, Martha Toledo Mar,&nbsp;explic\u00f3 que la idea&nbsp;del proyecto&nbsp;surgi\u00f3 a ra\u00edz del&nbsp;Festejo del Bicentenario de la Independencia&nbsp;de M\u00e9xico,&nbsp;en cuyo marco&nbsp;destacaron los&nbsp;homenajes&nbsp;dirigidos \u00fanicamente a los h\u00e9roes.<\/p>\n\n\n\n<p>\u201cAh\u00ed nos dimos cuenta que hab\u00eda un profundo vac\u00edo hist\u00f3rico en la psique del&nbsp;pueblo mexicano;&nbsp;no es que se les olvid\u00f3 a quienes escriben los libros de historia,&nbsp;no es&nbsp;algo&nbsp;gratuito, es a prop\u00f3sito,&nbsp;es una cuesti\u00f3n&nbsp;del sistema,&nbsp;del patriarcado\u201d, remarc\u00f3.&nbsp;<\/p>\n\n\n\n<p>Este&nbsp;Festival \u2013se\u00f1al\u00f3&nbsp;Toledo Mar- busca reconocer &nbsp;a todas esas mujeres con nombre y apellido.&nbsp;Mencion\u00f3&nbsp;que&nbsp;existe un registro de&nbsp;m\u00e1s de&nbsp;50 mujeres&nbsp;que lucharon por la Independencia, sin embargo, la mayor\u00eda de la poblaci\u00f3n solo&nbsp;recuerda a&nbsp;dos: Do\u00f1a Josefa Ortiz de&nbsp;Dom\u00ednguez&nbsp;y Leona Vicario.&nbsp;<\/p>\n\n\n\n<p>\u201cConsideramos que para&nbsp;que&nbsp;exista una cultura de la paz, se necesita reconocer y dar el lugar que les corresponde a cada una de esas mujeres y as\u00ed disminuir la deuda hist\u00f3rica. Creemos firmemente que lo que no se nombra, no existe\u201d, subray\u00f3 Martha Toledo Mar.&nbsp;<\/p>\n\n\n\n<p>Y a\u00f1adi\u00f3 que&nbsp;justamente por ello,&nbsp;en esta ocasi\u00f3n el festival rendir\u00e1 homenaje en vida a la historiadora, investigadora y activista&nbsp;Margarita Dalton.&nbsp;<\/p>\n\n\n\n<p>VISIBILIZAR A LA MUJER<\/p>\n\n\n\n<p>En entrevista posterior,&nbsp;la codirectora de Consorcio para el Di\u00e1logo Parlamentario y la Equidad, Y\u00e9sica S\u00e1nchez Maya, subray\u00f3 que para esta organizaci\u00f3n es fundamental seguir incidiendo en&nbsp;la visibilizaci\u00f3n&nbsp;de&nbsp;todas las aportaciones&nbsp;de las mujeres en todas las estructuras de la sociedad; de ah\u00ed, se\u00f1al\u00f3, la trascendencia de &nbsp;este proyecto art\u00edstico&nbsp;de Martha Toledo Mar.&nbsp;<\/p>\n\n\n\n<p>\u201cEste festival nos pareci\u00f3 una propuesta fundamental porque hist\u00f3ricamente \u00a0hemos sido no reconocidas, siempre invisibilizadas, \u00a0y este ejercicio de mujeres para \u00a0mujeres es una apuesta a largo plazo para la construcci\u00f3n de la paz que busca generar nuevas formas de reconocer y dignificar, a trav\u00e9s del arte, el canto y la creatividad, a aquellas mujeres que no fueron reconocidas en su momento\u201d, se\u00f1al\u00f3.\u00a0<\/p>\n\n\n\n<figure class=\"wp-block-embed is-type-rich is-provider-twitter wp-block-embed-twitter\"><div class=\"wp-block-embed__wrapper\">\n<div class=\"twitter-tweet\"><blockquote class=\"twitter-tweet\" data-lang=\"es\"><p lang=\"es\" dir=\"ltr\"><a href=\"https:\/\/twitter.com\/hashtag\/ENVIVO?src=hash&amp;ref_src=twsrc%5Etfw\">#ENVIVO<\/a><br>Oaxaca de Ju\u00e1rez, Oax., 1 de septiembre de 2022.- Conferencia de prensa de la organizaci\u00f3n Consorcio Oaxaca (<a href=\"https:\/\/twitter.com\/consorciooaxaca?ref_src=twsrc%5Etfw\">@consorciooaxaca<\/a>) para presentar el Primer Festival de las Hero\u00ednas.<br>Transmisi\u00f3n \ud83d\udc47<a href=\"https:\/\/t.co\/0CU9HrS4v6\">https:\/\/t.co\/0CU9HrS4v6<\/a> <a href=\"https:\/\/t.co\/i757wKJiMe\">pic.twitter.com\/i757wKJiMe<\/a><\/p>&mdash; Zona Roja Oaxaca (@ZonaRoja_Oaxaca) <a href=\"https:\/\/twitter.com\/ZonaRoja_Oaxaca\/status\/1565375249687797762?ref_src=twsrc%5Etfw\">1 de septiembre de 2022<\/a><\/blockquote><\/div>\n<\/div><\/figure>\n\n\n\n<p>En ese sentido,&nbsp;S\u00e1nchez Maya&nbsp;salud\u00f3&nbsp;el&nbsp;apoyo&nbsp;del municipio de Oaxaca de Ju\u00e1rez al facilitar&nbsp;los&nbsp;espacios&nbsp;p\u00fablicos donde se desarrollar\u00e1n algunas&nbsp;de las&nbsp;actividades,&nbsp;lo cuales hacen m\u00e1s accesible&nbsp;el arte y la cultura para&nbsp;las y los oaxaque\u00f1os.&nbsp;<\/p>\n\n\n\n<p>Por su parte, Roc\u00edo Morales, cantautora y gestora cultural, a\u00f1adi\u00f3:&nbsp;\u201ccontar una historia en una canci\u00f3n es un reto, me document\u00e9 en el libro Adictas a la Insurgencia de Celia Palacios para que la composici\u00f3n de a conocer y honre a las mujeres que la historia no menciona\u201d.&nbsp;<\/p>\n\n\n\n<p>De igual forma, Jade Midori, artista pl\u00e1stica oaxaque\u00f1a remarc\u00f3: \u201cme parece muy importante la visibilizacion de las mujeres dentro de los movimientos sociales, no solo en fechas hist\u00f3ricas conmemorativas c\u00f3mo la Independencia, si no dentro de las luchas sociales hist\u00f3ricas y contempor\u00e1neas\u201d.<\/p>\n\n\n\n<p>LAS ACTIVIDADES<\/p>\n\n\n\n<p>Respecto al programa,&nbsp;Martha Toledo Mar&nbsp;anunci\u00f3&nbsp;que&nbsp;los d\u00edas viernes 9 y s\u00e1bado 10 de septiembre&nbsp;se&nbsp;presentar\u00e1&nbsp;en el Teatro \u201cMacedonio Alcal\u00e1\u201d, el&nbsp;disco \u201cHero\u00ednas de la Independencia\u201d, el cual&nbsp;contiene 18 canciones in\u00e9ditas compuestas por las cantautoras participantes del festival,acompa\u00f1adas por&nbsp;la Banda Femenil Regional \u201cMujeres del viento florido\u201d.&nbsp;<\/p>\n\n\n\n<p>Se trata de las artistas&nbsp;Tonana,&nbsp;Leticia Gallardo, Martha Toledo Mar, Olimpia Siv\u00e1lvarez, Anastasia Sonaranda, Evelin Acosta, Rosal\u00eda Le\u00f3n, Dolores Sanju\u00e1n, Ana D\u00edaz, Coyolicatzin, Reyna Valenzuela, Astrid Hadad, Olinka, Violeta Parrandera, Atenea Ochoa, Salma Corres, Nancy Zamher y Elo Vit, as\u00ed como&nbsp;Roc\u00edo Morales&nbsp;y&nbsp;Akna.<\/p>\n\n\n\n<p>Toledo Mar explic\u00f3 que a&nbsp;trav\u00e9s&nbsp;de su m\u00fasica, las participantes homenajear\u00e1n&nbsp;a&nbsp;Josefa&nbsp;Ortiz&nbsp;de&nbsp;Dom\u00ednguez, Leona&nbsp;Vicario, Gertrudis&nbsp;Bocanegra,&nbsp;Mar\u00eda Ignacia \u201cLa G\u00fcera Rodr\u00edguez\u201d,&nbsp;Altagracia Mercado,Mar\u00eda Manuela Medina \u201cLa Capitana\u201d,&nbsp;Mariana Rodr\u00edguez del Toro,&nbsp;Luisa Mart\u00ednez, Antonia Nava de Catal\u00e1n \u201cLa Generala\u201d,&nbsp;Rita P\u00e9rez de Moreno,&nbsp;Las Mujeres De Miahuatl\u00e1n,&nbsp;Rafaela L\u00f3pez Aguado,&nbsp;Cecilia Villareal,&nbsp;Mar\u00eda Josefa Mart\u00ednez,&nbsp;Manuela Herrera&nbsp;y&nbsp;Hero\u00ednas An\u00f3nimas.<\/p>\n\n\n\n<p>Como parte de este Festival, tambi\u00e9n se desarrollar\u00e1n dos obras&nbsp;en el Teatro \u201cJu\u00e1rez\u201d&nbsp;a cargo de la&nbsp;Compa\u00f1\u00eda Nacional de Teatro Novohispano&nbsp;y de&nbsp;la&nbsp;Compa\u00f1\u00eda de Teatro&nbsp;\u201cLola Bravo\u201d,&nbsp;adem\u00e1s&nbsp;de 3&nbsp;conferencias&nbsp;de las historiadoras Margarita Dalton,&nbsp;Rebeca Orozco&nbsp;y&nbsp;Celia del Palacio;&nbsp;una mesa redonda,&nbsp;cuatro&nbsp;proyecciones de pel\u00edculas hist\u00f3ricas y&nbsp;la&nbsp;presentaci\u00f3n de&nbsp;tres murales&nbsp;conmemorativos.&nbsp;Tambi\u00e9n&nbsp;secontempla la lectura de poes\u00eda, tertulias literarias y cenas tem\u00e1ticas.&nbsp;<\/p>\n\n\n\n<p>El Colectivo \u201cLas hero\u00ednas\u201d est\u00e1 integrado por la cantautora y sacerdotisa zapoteca Roc\u00edo Morales, la decimista y ex Diosa Cent\u00e9otl, Evelin Acosta, la cantante y gestora cultural Nohem\u00ed Mondrag\u00f3n&nbsp;y la&nbsp;cantautora y compositora&nbsp;Anastasia Sonaranda.<\/p>\n\n\n\n<p>Tambi\u00e9n lo integran el compositor y artista visual&nbsp;Jos\u00e9 Luis Guzm\u00e1n Wolffer, el&nbsp;dramaturgo&nbsp;y actor&nbsp;Francisco Hern\u00e1ndez, el mercad\u00f3logo y activista&nbsp;Lalo Lara&nbsp;y la coordinadora del Programa Institucional de Cultura de Paz de la Universidad Aut\u00f3noma \u201cBenito Ju\u00e1rez\u201d de Oaxaca (UABJO),&nbsp;Leticia Cruz&nbsp;L\u00f3pez.<\/p>\n","protected":false},"excerpt":{"rendered":"<p>Redacci\u00f3n\/Zona Roja. Oaxaca de Ju\u00e1rez, Oax., a 1 de septiembre de 2022.- Para&nbsp;contribuir a la&hellip;<\/p>\n","protected":false},"author":2,"featured_media":45320,"comment_status":"closed","ping_status":"open","sticky":false,"template":"","format":"standard","meta":{"_lmt_disableupdate":"","_lmt_disable":"","_jetpack_memberships_contains_paid_content":false,"footnotes":""},"categories":[109,46],"tags":[1093],"class_list":["post-45319","post","type-post","status-publish","format-standard","has-post-thumbnail","hentry","category-minuto-a-minuto","category-zona-blanca","tag-consorcio-para-el-dialogo-oaxaca"],"jetpack_featured_media_url":"https:\/\/zonaroja.com.mx\/wp-content\/uploads\/2022\/09\/Conferencia-Consorcio-programa-Heroinas-de-la-Independencia.jpeg","jetpack_sharing_enabled":true,"_links":{"self":[{"href":"https:\/\/zonaroja.com.mx\/index.php?rest_route=\/wp\/v2\/posts\/45319","targetHints":{"allow":["GET"]}}],"collection":[{"href":"https:\/\/zonaroja.com.mx\/index.php?rest_route=\/wp\/v2\/posts"}],"about":[{"href":"https:\/\/zonaroja.com.mx\/index.php?rest_route=\/wp\/v2\/types\/post"}],"author":[{"embeddable":true,"href":"https:\/\/zonaroja.com.mx\/index.php?rest_route=\/wp\/v2\/users\/2"}],"replies":[{"embeddable":true,"href":"https:\/\/zonaroja.com.mx\/index.php?rest_route=%2Fwp%2Fv2%2Fcomments&post=45319"}],"version-history":[{"count":1,"href":"https:\/\/zonaroja.com.mx\/index.php?rest_route=\/wp\/v2\/posts\/45319\/revisions"}],"predecessor-version":[{"id":45321,"href":"https:\/\/zonaroja.com.mx\/index.php?rest_route=\/wp\/v2\/posts\/45319\/revisions\/45321"}],"wp:featuredmedia":[{"embeddable":true,"href":"https:\/\/zonaroja.com.mx\/index.php?rest_route=\/wp\/v2\/media\/45320"}],"wp:attachment":[{"href":"https:\/\/zonaroja.com.mx\/index.php?rest_route=%2Fwp%2Fv2%2Fmedia&parent=45319"}],"wp:term":[{"taxonomy":"category","embeddable":true,"href":"https:\/\/zonaroja.com.mx\/index.php?rest_route=%2Fwp%2Fv2%2Fcategories&post=45319"},{"taxonomy":"post_tag","embeddable":true,"href":"https:\/\/zonaroja.com.mx\/index.php?rest_route=%2Fwp%2Fv2%2Ftags&post=45319"}],"curies":[{"name":"wp","href":"https:\/\/api.w.org\/{rel}","templated":true}]}}